{"id":1961,"date":"2022-09-08T15:25:32","date_gmt":"2022-09-08T13:25:32","guid":{"rendered":"http:\/\/saskiagallery.fr\/index.php\/2022\/09\/08\/robert-clevier\/"},"modified":"2025-12-09T16:12:29","modified_gmt":"2025-12-09T15:12:29","slug":"robert-clevier-artiste-francais","status":"publish","type":"post","link":"https:\/\/saskiagallery.fr\/index.php\/2022\/09\/08\/robert-clevier-artiste-francais\/","title":{"rendered":"Robert Clevier"},"content":{"rendered":"\t\t<div data-elementor-type=\"wp-post\" data-elementor-id=\"1961\" class=\"elementor elementor-1961\" data-elementor-post-type=\"post\">\n\t\t\t\t\t\t<section data-particle_enable=\"false\" data-particle-mobile-disabled=\"false\" class=\"elementor-section elementor-top-section elementor-element elementor-element-77c87341 elementor-section-boxed elementor-section-height-default elementor-section-height-default\" data-id=\"77c87341\" data-element_type=\"section\" data-e-type=\"section\">\n\t\t\t\t\t\t<div class=\"elementor-container elementor-column-gap-default\">\n\t\t\t\t\t<div class=\"elementor-column elementor-col-50 elementor-top-column elementor-element elementor-element-382b58ae\" data-id=\"382b58ae\" data-element_type=\"column\" data-e-type=\"column\">\n\t\t\t<div class=\"elementor-widget-wrap elementor-element-populated\">\n\t\t\t\t\t\t<div class=\"elementor-element elementor-element-1c3bcd1c elementor-invisible elementor-widget elementor-widget-image\" data-id=\"1c3bcd1c\" data-element_type=\"widget\" data-e-type=\"widget\" data-settings=\"{&quot;_animation&quot;:&quot;fadeIn&quot;}\" data-widget_type=\"image.default\">\n\t\t\t\t<div class=\"elementor-widget-container\">\n\t\t\t\t\t\t\t\t\t\t\t\t\t\t\t<img fetchpriority=\"high\" decoding=\"async\" width=\"900\" height=\"827\" src=\"https:\/\/saskiagallery.fr\/wp-content\/uploads\/2022\/09\/photo-35.jpg\" class=\"attachment-large size-large wp-image-1962\" alt=\"Robert Cl\u00e9vier, artiste fran\u00e7ais\" srcset=\"https:\/\/saskiagallery.fr\/wp-content\/uploads\/2022\/09\/photo-35.jpg 900w, https:\/\/saskiagallery.fr\/wp-content\/uploads\/2022\/09\/photo-35-300x276.jpg 300w, https:\/\/saskiagallery.fr\/wp-content\/uploads\/2022\/09\/photo-35-600x551.jpg 600w, https:\/\/saskiagallery.fr\/wp-content\/uploads\/2022\/09\/photo-35-768x706.jpg 768w\" sizes=\"(max-width: 900px) 100vw, 900px\" \/>\t\t\t\t\t\t\t\t\t\t\t\t\t\t\t<\/div>\n\t\t\t\t<\/div>\n\t\t\t\t<div class=\"elementor-element elementor-element-23d3dc96 elementor-icon-list--layout-traditional elementor-list-item-link-full_width elementor-invisible elementor-widget elementor-widget-icon-list\" data-id=\"23d3dc96\" data-element_type=\"widget\" data-e-type=\"widget\" data-settings=\"{&quot;_animation&quot;:&quot;fadeIn&quot;}\" data-widget_type=\"icon-list.default\">\n\t\t\t\t<div class=\"elementor-widget-container\">\n\t\t\t\t\t\t\t<ul class=\"elementor-icon-list-items\">\n\t\t\t\t\t\t\t<li class=\"elementor-icon-list-item\">\n\t\t\t\t\t\t\t\t\t\t\t<a href=\"https:\/\/saskiagallery.fr\/index.php\/2025\/12\/03\/robert-clevier-2025-paysages-des-passages\/\">\n\n\t\t\t\t\t\t\t\t\t\t\t\t<span class=\"elementor-icon-list-icon\">\n\t\t\t\t\t\t\t<i aria-hidden=\"true\" class=\"fas fa-arrow-right\"><\/i>\t\t\t\t\t\t<\/span>\n\t\t\t\t\t\t\t\t\t\t<span class=\"elementor-icon-list-text\">Exposition r\u00e9cente<\/span>\n\t\t\t\t\t\t\t\t\t\t\t<\/a>\n\t\t\t\t\t\t\t\t\t<\/li>\n\t\t\t\t\t\t\t\t<li class=\"elementor-icon-list-item\">\n\t\t\t\t\t\t\t\t\t\t\t<a href=\"https:\/\/saskiagallery.fr\/index.php\/2022\/03\/10\/bibliographie-robert-clevier\/\">\n\n\t\t\t\t\t\t\t\t\t\t\t\t<span class=\"elementor-icon-list-icon\">\n\t\t\t\t\t\t\t<i aria-hidden=\"true\" class=\"fas fa-arrow-right\"><\/i>\t\t\t\t\t\t<\/span>\n\t\t\t\t\t\t\t\t\t\t<span class=\"elementor-icon-list-text\">Bibliographie<\/span>\n\t\t\t\t\t\t\t\t\t\t\t<\/a>\n\t\t\t\t\t\t\t\t\t<\/li>\n\t\t\t\t\t\t<\/ul>\n\t\t\t\t\t\t<\/div>\n\t\t\t\t<\/div>\n\t\t\t\t<div class=\"elementor-element elementor-element-1cd2421 elementor-icon-list--layout-traditional elementor-list-item-link-full_width elementor-invisible elementor-widget elementor-widget-icon-list\" data-id=\"1cd2421\" data-element_type=\"widget\" data-e-type=\"widget\" data-settings=\"{&quot;_animation&quot;:&quot;fadeIn&quot;}\" data-widget_type=\"icon-list.default\">\n\t\t\t\t<div class=\"elementor-widget-container\">\n\t\t\t\t\t\t\t<ul class=\"elementor-icon-list-items\">\n\t\t\t\t\t\t\t<li class=\"elementor-icon-list-item\">\n\t\t\t\t\t\t\t\t\t\t\t<a href=\"https:\/\/saskiagallery.fr\/index.php\/galerie\/\">\n\n\t\t\t\t\t\t\t\t\t\t\t\t<span class=\"elementor-icon-list-icon\">\n\t\t\t\t\t\t\t<i aria-hidden=\"true\" class=\"far fa-arrow-alt-circle-right\"><\/i>\t\t\t\t\t\t<\/span>\n\t\t\t\t\t\t\t\t\t\t<span class=\"elementor-icon-list-text\">Galerie<\/span>\n\t\t\t\t\t\t\t\t\t\t\t<\/a>\n\t\t\t\t\t\t\t\t\t<\/li>\n\t\t\t\t\t\t<\/ul>\n\t\t\t\t\t\t<\/div>\n\t\t\t\t<\/div>\n\t\t\t\t<div class=\"elementor-element elementor-element-2584d1ef elementor-align-left elementor-widget elementor-widget-button\" data-id=\"2584d1ef\" data-element_type=\"widget\" data-e-type=\"widget\" data-widget_type=\"button.default\">\n\t\t\t\t<div class=\"elementor-widget-container\">\n\t\t\t\t\t\t\t\t\t<div class=\"elementor-button-wrapper\">\n\t\t\t\t\t<a class=\"elementor-button elementor-button-link elementor-size-sm\" href=\"https:\/\/saskiagallery.fr\/index.php\/artistes\/\">\n\t\t\t\t\t\t<span class=\"elementor-button-content-wrapper\">\n\t\t\t\t\t\t<span class=\"elementor-button-icon\">\n\t\t\t\t<svg xmlns=\"http:\/\/www.w3.org\/2000\/svg\" id=\"e1fe74b6-1a49-4362-ab7f-8fcea35a7e82\" data-name=\"Layer 1\" viewBox=\"0 0 29.994 21.4996\"><title>go-back-icon<\/title><path d=\"M29.244,10H2.684l9.5644-8.6948A.75.75,0,0,0,11.24.1944l-11,10c-.0094.0086-.0129.0206-.0217.03s-.0206.012-.0291.0213a.7046.7046,0,0,0-.0584.0979.7262.7262,0,0,0-.076.1272.7186.7186,0,0,0-.034.1389.4933.4933,0,0,0,0,.2808.72.72,0,0,0,.034.139.73.73,0,0,0,.076.1272.7094.7094,0,0,0,.0584.0978c.0082.009.02.0118.0284.02s.0127.0216.0224.03l11,10a.75.75,0,1,0,1.0088-1.1094L2.684,11.5h26.56a.75.75,0,0,0,0-1.5Z\"><\/path><\/svg>\t\t\t<\/span>\n\t\t\t\t\t\t\t\t\t<span class=\"elementor-button-text\">Tous nos artistes<\/span>\n\t\t\t\t\t<\/span>\n\t\t\t\t\t<\/a>\n\t\t\t\t<\/div>\n\t\t\t\t\t\t\t\t<\/div>\n\t\t\t\t<\/div>\n\t\t\t\t<section data-particle_enable=\"false\" data-particle-mobile-disabled=\"false\" class=\"elementor-section elementor-inner-section elementor-element elementor-element-7f7202b animated-slow elementor-section-boxed elementor-section-height-default elementor-section-height-default\" data-id=\"7f7202b\" data-element_type=\"section\" data-e-type=\"section\" data-settings=\"{&quot;animation&quot;:&quot;none&quot;}\">\n\t\t\t\t\t\t<div class=\"elementor-container elementor-column-gap-default\">\n\t\t\t\t\t<div class=\"elementor-column elementor-col-50 elementor-inner-column elementor-element elementor-element-3473595\" data-id=\"3473595\" data-element_type=\"column\" data-e-type=\"column\">\n\t\t\t<div class=\"elementor-widget-wrap elementor-element-populated\">\n\t\t\t\t\t\t<div class=\"elementor-element elementor-element-9bffafa elementor-invisible elementor-widget elementor-widget-image\" data-id=\"9bffafa\" data-element_type=\"widget\" data-e-type=\"widget\" data-settings=\"{&quot;_animation&quot;:&quot;rotateInDownLeft&quot;}\" data-widget_type=\"image.default\">\n\t\t\t\t<div class=\"elementor-widget-container\">\n\t\t\t\t\t\t\t\t\t\t\t\t\t\t\t<img decoding=\"async\" src=\"https:\/\/saskiagallery.fr\/wp-content\/uploads\/elementor\/thumbs\/expo-puib4mx17esfafotbvp40u7yai6jnn9ftonswcbjqk.png\" title=\"expo\" alt=\"expo\" loading=\"lazy\" \/>\t\t\t\t\t\t\t\t\t\t\t\t\t\t\t<\/div>\n\t\t\t\t<\/div>\n\t\t\t\t\t<\/div>\n\t\t<\/div>\n\t\t\t\t<div class=\"elementor-column elementor-col-50 elementor-inner-column elementor-element elementor-element-d47cdef\" data-id=\"d47cdef\" data-element_type=\"column\" data-e-type=\"column\">\n\t\t\t<div class=\"elementor-widget-wrap elementor-element-populated\">\n\t\t\t\t\t\t<div class=\"elementor-element elementor-element-b3094bf elementor-widget elementor-widget-heading\" data-id=\"b3094bf\" data-element_type=\"widget\" data-e-type=\"widget\" data-settings=\"{&quot;_animation&quot;:&quot;none&quot;}\" data-widget_type=\"heading.default\">\n\t\t\t\t<div class=\"elementor-widget-container\">\n\t\t\t\t\t<h2 class=\"elementor-heading-title elementor-size-default\">Expositions<\/h2>\t\t\t\t<\/div>\n\t\t\t\t<\/div>\n\t\t\t\t\t<\/div>\n\t\t<\/div>\n\t\t\t\t\t<\/div>\n\t\t<\/section>\n\t\t\t\t<div class=\"elementor-element elementor-element-099781a elementor-widget elementor-widget-toggle\" data-id=\"099781a\" data-element_type=\"widget\" data-e-type=\"widget\" data-widget_type=\"toggle.default\">\n\t\t\t\t<div class=\"elementor-widget-container\">\n\t\t\t\t\t\t\t<div class=\"elementor-toggle\">\n\t\t\t\t\t\t\t<div class=\"elementor-toggle-item\">\n\t\t\t\t\t<div id=\"elementor-tab-title-1001\" class=\"elementor-tab-title\" data-tab=\"1\" role=\"button\" aria-controls=\"elementor-tab-content-1001\" aria-expanded=\"false\">\n\t\t\t\t\t\t\t\t\t\t\t\t<span class=\"elementor-toggle-icon elementor-toggle-icon-right\" aria-hidden=\"true\">\n\t\t\t\t\t\t\t\t\t\t\t\t\t\t\t<span class=\"elementor-toggle-icon-closed\"><i class=\"fas fa-plus\"><\/i><\/span>\n\t\t\t\t\t\t\t\t<span class=\"elementor-toggle-icon-opened\"><i class=\"elementor-toggle-icon-opened fas fa-minus\"><\/i><\/span>\n\t\t\t\t\t\t\t\t\t\t\t\t\t<\/span>\n\t\t\t\t\t\t\t\t\t\t\t\t<a class=\"elementor-toggle-title\" tabindex=\"0\">Principales expositions<\/a>\n\t\t\t\t\t<\/div>\n\n\t\t\t\t\t<div id=\"elementor-tab-content-1001\" class=\"elementor-tab-content elementor-clearfix\" data-tab=\"1\" role=\"region\" aria-labelledby=\"elementor-tab-title-1001\"><ul><li>2025 | \u00ab Paysages, des passages \u00bb Galerie Place des Vosges, Paris 04<\/li><li>2025 | \u00ab Au Ferret &#8211; aux bords \u00bb Galerie Place des Vosges, Paris 04<\/li><li>2024 | \u00ab\u00a0Des corps\u00a0\u00bb Galerie Place des Vosges, Paris 04<\/li><li>2024 | Place des Vosges, Paris 04<\/li><li>2016 | Galerie Les Montparnos, Paris 06<\/li><li>2014 | Flornoy &amp; Associ\u00e9s (Finances).9 av. de l\u2019Op\u00e9ra, Paris\u00a001<\/li><li>2012 | Galerie Pascaline Mulliez. Cit\u00e9 Grizet, Paris 11.<\/li><li>2011 | Galerie Les Montparnos, Paris 06<\/li><li>2010 | Chic Art Fair Paris (Foire internationale. Galerie P.Mulliez). \u2014 Basel Art Hot Fair (id)<\/li><li>2009 | Cutlog-Foire d\u2019Art Internationale de Paris (Galerie P.Mulliez)<\/li><li>2008 | Galerie Pascaline Mulliez. Cit\u00e9 Grizet, Paris 11.\u00a0<\/li><li>2005 | M\u00e9diath\u00e8que, Ville de Quimperl\u00e9 (expo. pour l\u2019inauguration de la m\u00e9diath\u00e8que).\u00a0<\/li><li>Galerie Toulouze, Claudio Valansi, marchand. Rio de Janeiro, Br\u00e9sil.<\/li><li>2004 | Les Minimes, Ville de Blaye. Exposition dans le cadre institutionnel des \u201cSites Majeurs d\u2019Aquitaine\u201d (Le Louvre\/\u00a0\u00a0R\u00e9gion). Peintures. <i>Catalogue d\u2019exposition.<\/i><\/li><li>2003 | Les Grandes Heures de Saint-Emilion, St-Emilion. R\u00e9trospective 1993-2003.\u00a0<\/li><li>1998 | Galerie Graphes, Paris 05.\u00a0 \u2014 Biblioth\u00e8que municipale, Ville de Mulhouse.\u00a0<\/li><li>1997 | Biblioth\u00e8que municipale, Ville de Rennes . \u2014 Salons internationaux, Francfort et Dusseldorf.\u00a0<\/li><li>1996 | Biblioth\u00e8que municipale, Ville de Saint-Brieuc, 22. \u2014 Saga, salon de Paris. \u2014 Galerie Le Cercle Bleu, Metz. \u2014\u00a0\u00a0Galerie L\u2019Expo, Paris 07. \u2014 Salon du Livre , Paris. Galerie Paradox, Gent, Belgique. \u00a0<\/li><li>1995 | Galeries Namy-Caulier, Paris 08. \u2014 Galerie Philippe Chesnoy, Paris 09. \u2014 Galerie OVADIA, Nancy.\u00a0 \u2014 Salon\u00a0\u00a0international Art Multiple, Dusseldorf, Allemagne. \u2014 Galerie Graphes, Paris 05.\u00a0 \u2014 Saga, salon de Paris.<\/li><li>1994 | Galerie Epreuves d\u2019artistes, Lille. \u2014 Galerie Liliane Fran\u00e7ois, Paris 06. \u2014 Librairie Gallimard, Montr\u00e9al, Canada,\u00a0\u00a0et biblioth\u00e8que du Mus\u00e9e d\u2019Art Contemporain de Montr\u00e9al, Canada.<\/li><li>1984 | Le Lucernaire, Paris 06.\u00a0<\/li><\/ul><\/div>\n\t\t\t\t<\/div>\n\t\t\t\t\t\t\t\t<\/div>\n\t\t\t\t\t\t<\/div>\n\t\t\t\t<\/div>\n\t\t\t\t\t<\/div>\n\t\t<\/div>\n\t\t\t\t<div class=\"elementor-column elementor-col-50 elementor-top-column elementor-element elementor-element-377fb6cb\" data-id=\"377fb6cb\" data-element_type=\"column\" data-e-type=\"column\">\n\t\t\t<div class=\"elementor-widget-wrap elementor-element-populated\">\n\t\t\t\t\t\t<div class=\"elementor-element elementor-element-796b613 elementor-invisible elementor-widget elementor-widget-heading\" data-id=\"796b613\" data-element_type=\"widget\" data-e-type=\"widget\" data-settings=\"{&quot;_animation&quot;:&quot;fadeIn&quot;}\" data-widget_type=\"heading.default\">\n\t\t\t\t<div class=\"elementor-widget-container\">\n\t\t\t\t\t<h2 class=\"elementor-heading-title elementor-size-default\">Robert CL\u00e9VIER - Biographie<\/h2>\t\t\t\t<\/div>\n\t\t\t\t<\/div>\n\t\t\t\t<div class=\"elementor-element elementor-element-6876227d elementor-widget-divider--view-line elementor-invisible elementor-widget elementor-widget-divider\" data-id=\"6876227d\" data-element_type=\"widget\" data-e-type=\"widget\" data-settings=\"{&quot;_animation&quot;:&quot;fadeIn&quot;}\" data-widget_type=\"divider.default\">\n\t\t\t\t<div class=\"elementor-widget-container\">\n\t\t\t\t\t\t\t<div class=\"elementor-divider\">\n\t\t\t<span class=\"elementor-divider-separator\">\n\t\t\t\t\t\t<\/span>\n\t\t<\/div>\n\t\t\t\t\t\t<\/div>\n\t\t\t\t<\/div>\n\t\t\t\t<div class=\"elementor-element elementor-element-d8dce8f animated-slow elementor-invisible elementor-widget elementor-widget-text-editor\" data-id=\"d8dce8f\" data-element_type=\"widget\" data-e-type=\"widget\" data-settings=\"{&quot;_animation&quot;:&quot;fadeIn&quot;}\" data-widget_type=\"text-editor.default\">\n\t\t\t\t<div class=\"elementor-widget-container\">\n\t\t\t\t\t\t\t\t\t<p>| Artiste fran\u00e7ais |<br \/>N\u00e9 le 21 mai 1952 \u00e0\u00a0Quimper, Bretagne<\/p>\t\t\t\t\t\t\t\t<\/div>\n\t\t\t\t<\/div>\n\t\t\t\t<div class=\"elementor-element elementor-element-509ef92d animated-slow elementor-invisible elementor-widget elementor-widget-text-editor\" data-id=\"509ef92d\" data-element_type=\"widget\" data-e-type=\"widget\" data-settings=\"{&quot;_animation&quot;:&quot;fadeIn&quot;}\" data-widget_type=\"text-editor.default\">\n\t\t\t\t<div class=\"elementor-widget-container\">\n\t\t\t\t\t\t\t\t\t<p>En 1980, apr\u00e8s une p\u00e9riode de dix ans pendant laquelle il a suivi les cours des \u00e9coles des beaux-arts d&rsquo;Amsterdam et de Berlin, o\u00f9, bien davantage, Robert Cl\u00e9vier, artiste fran\u00e7ais, a fr\u00e9quent\u00e9 les peintures des Mus\u00e9es de La Haye, Venise, Florence et Madrid. Il installe son atelier \u00e0 Paris, renonce \u00e0 la couleur \u00e0 l&rsquo;exception des \u00e9rotiques, r\u00e9duit ses moyens \u00e0 l&rsquo;encre puis \u00e0 la mine de plomb.<\/p><p>\u00c0 l&rsquo;\u00e9cart des galeries et des peintres, ses rencontres avec des po\u00e8tes et des hommes de lettres vont en revanche se succ\u00e9der, et avec elles les \u00e9ditions de livres \u00e0 quatre mains\u00a0:\u00a0<a href=\"https:\/\/fr.wikipedia.org\/wiki\/Julien_Green\" target=\"_blank\" rel=\"noreferrer noopener\">Julien Green<\/a>, qui en 1994 lui confiera les gravures de son po\u00e8me en prose\u00a0<em><span style=\"color: #808080;\"><a style=\"color: #808080;\" href=\"https:\/\/fr.wikipedia.org\/wiki\/Dionysos\" target=\"_blank\" rel=\"noreferrer noopener\">Dionysos<\/a><\/span><\/em>\u00a0;\u00a0<a href=\"https:\/\/fr.wikipedia.org\/wiki\/Werner_Lambersy\" target=\"_blank\" rel=\"noreferrer noopener\">Werner Lambersy<\/a>\u00a0(<em>Front de taille<\/em>, manuscrit enlumin\u00e9, 1995)\u00a0;\u00a0<a href=\"https:\/\/fr.wikipedia.org\/wiki\/Eug%C3%A8ne_Guillevic\" target=\"_blank\" rel=\"noreferrer noopener\">Eug\u00e8ne Guillevic<\/a>\u00a0(<em>Dits de la jeune fille et de l&rsquo;homme<\/em>, 1996).<\/p><p>La rencontre la plus d\u00e9cisive sera celle du philosophe\u00a0<a href=\"https:\/\/fr.wikipedia.org\/wiki\/Jean_Guitton\" target=\"_blank\" rel=\"noreferrer noopener\">Jean Guitton<\/a>, avec lequel, au moment o\u00f9 s&rsquo;impose l&rsquo;image num\u00e9rique, il poursuivra une longue m\u00e9ditation sur les images dans leurs rapports avec le langage.<br \/>Pour assurer son ind\u00e9pendance par rapport aux acteurs du march\u00e9 de l&rsquo;art, il travaille comme designer pour des marques de luxe.<br \/>1998 est l&rsquo;ann\u00e9e du retour \u00e0 la peinture, suivi d&rsquo;expositions, dont en 2003\u00a0<em>Les Grandes heures de\u00a0<\/em><a href=\"https:\/\/fr.wikipedia.org\/wiki\/Saint-%C3%89milion\" target=\"_blank\" rel=\"noreferrer noopener\"><em>Saint-\u00c9milion<\/em><\/a>.<\/p><p>De 2007 \u00e0 2010, repr\u00e9sent\u00e9e par son marchand Galerie Pascaline Mulliez, Paris, sa peinture est inscrite aux catalogues des Salons internationaux de Paris et de B\u00e2le, \u00e0 c\u00f4t\u00e9 de celles de\u00a0<a href=\"https:\/\/fr.wikipedia.org\/wiki\/Maria_Helena_Vieira_da_Silva\" target=\"_blank\" rel=\"noreferrer noopener\">Vieira da Silva<\/a>, d&rsquo;<a href=\"https:\/\/fr.wikipedia.org\/wiki\/Eug%C3%A8ne_Leroy\" target=\"_blank\" rel=\"noreferrer noopener\">Eug\u00e8ne Leroy<\/a>\u00a0et de\u00a0<a href=\"https:\/\/fr.wikipedia.org\/wiki\/George_Grosz\" target=\"_blank\" rel=\"noreferrer noopener\">George Grosz<\/a>.<\/p><p>Depuis 2019, Saskia Gallery repr\u00e9sente l\u2019artiste.<\/p>\t\t\t\t\t\t\t\t<\/div>\n\t\t\t\t<\/div>\n\t\t\t\t\t<\/div>\n\t\t<\/div>\n\t\t\t\t\t<\/div>\n\t\t<\/section>\n\t\t\t\t<section data-particle_enable=\"false\" data-particle-mobile-disabled=\"false\" class=\"elementor-section elementor-top-section elementor-element elementor-element-fb83636 elementor-section-boxed elementor-section-height-default elementor-section-height-default\" data-id=\"fb83636\" data-element_type=\"section\" data-e-type=\"section\">\n\t\t\t\t\t\t<div class=\"elementor-container elementor-column-gap-default\">\n\t\t\t\t\t<div class=\"elementor-column elementor-col-100 elementor-top-column elementor-element elementor-element-a64910c\" data-id=\"a64910c\" data-element_type=\"column\" data-e-type=\"column\">\n\t\t\t<div class=\"elementor-widget-wrap elementor-element-populated\">\n\t\t\t\t\t\t<div class=\"elementor-element elementor-element-5c28454 elementor-fixed elementor-widget elementor-widget-image\" data-id=\"5c28454\" data-element_type=\"widget\" data-e-type=\"widget\" data-settings=\"{&quot;_position&quot;:&quot;fixed&quot;}\" data-widget_type=\"image.default\">\n\t\t\t\t<div class=\"elementor-widget-container\">\n\t\t\t\t\t\t\t\t\t\t\t\t\t\t\t\t<a href=\"https:\/\/saskiagallery.fr\/index.php\/2022\/11\/13\/robert-clevier-2\/\">\n\t\t\t\t\t\t\t<img decoding=\"async\" width=\"43\" height=\"43\" src=\"https:\/\/saskiagallery.fr\/wp-content\/uploads\/2022\/12\/en_language.png\" class=\"attachment-full size-full wp-image-5563\" alt=\"\" \/>\t\t\t\t\t\t\t\t<\/a>\n\t\t\t\t\t\t\t\t\t\t\t\t\t\t\t<\/div>\n\t\t\t\t<\/div>\n\t\t\t\t\t<\/div>\n\t\t<\/div>\n\t\t\t\t\t<\/div>\n\t\t<\/section>\n\t\t\t\t<\/div>\n\t\t","protected":false},"excerpt":{"rendered":"<p>Exposition r\u00e9cente Bibliographie Galerie go-back-icon Tous nos artistes Expositions Principales expositions 2025 | \u00ab Paysages, des passages \u00bb Galerie Place des Vosges, Paris 04 2025 | \u00ab Au Ferret &#8211; aux bords \u00bb Galerie Place des Vosges, Paris 04 2024 | \u00ab\u00a0Des corps\u00a0\u00bb Galerie Place des Vosges, Paris 04 2024 | Place des Vosges, Paris&hellip;&nbsp;<a href=\"https:\/\/saskiagallery.fr\/index.php\/2022\/09\/08\/robert-clevier-artiste-francais\/\" class=\"\" rel=\"bookmark\">Lire la suite &raquo;<span class=\"screen-reader-text\">Robert Clevier<\/span><\/a><\/p>\n","protected":false},"author":2,"featured_media":1962,"comment_status":"closed","ping_status":"open","sticky":false,"template":"elementor_header_footer","format":"standard","meta":{"_uf_show_specific_survey":0,"_uf_disable_surveys":false,"neve_meta_sidebar":"","neve_meta_container":"","neve_meta_enable_content_width":"","neve_meta_content_width":0,"neve_meta_title_alignment":"","neve_meta_author_avatar":"","neve_post_elements_order":"","neve_meta_disable_header":"","neve_meta_disable_footer":"","neve_meta_disable_title":"","_jetpack_memberships_contains_paid_content":false,"footnotes":""},"categories":[3],"tags":[],"class_list":["post-1961","post","type-post","status-publish","format-standard","has-post-thumbnail","hentry","category-artistes"],"yoast_head":"<!-- This site is optimized with the Yoast SEO plugin v27.4 - https:\/\/yoast.com\/product\/yoast-seo-wordpress\/ -->\n<title>Robert Cl\u00e9vier artiste fran\u00e7ais - Saskia Gallery<\/title>\n<meta name=\"description\" content=\"Biographie de Robert CLEVIER, artiste fran\u00e7ais contemporain. Expositions dans de nombreuses galeries, pr\u00e9sent\u00e9 par Saskia Gallery PARIS\" \/>\n<meta name=\"robots\" content=\"index, follow, max-snippet:-1, max-image-preview:large, max-video-preview:-1\" \/>\n<link rel=\"canonical\" href=\"https:\/\/saskiagallery.fr\/index.php\/2022\/09\/08\/robert-clevier-artiste-francais\/\" \/>\n<meta property=\"og:locale\" content=\"fr_FR\" \/>\n<meta property=\"og:type\" content=\"article\" \/>\n<meta property=\"og:title\" content=\"Robert Cl\u00e9vier artiste fran\u00e7ais - Saskia Gallery\" \/>\n<meta property=\"og:description\" content=\"Biographie de Robert CLEVIER, artiste fran\u00e7ais contemporain. Expositions dans de nombreuses galeries, pr\u00e9sent\u00e9 par Saskia Gallery PARIS\" \/>\n<meta property=\"og:url\" content=\"https:\/\/saskiagallery.fr\/index.php\/2022\/09\/08\/robert-clevier-artiste-francais\/\" \/>\n<meta property=\"og:site_name\" content=\"Saskia Gallery\" \/>\n<meta property=\"article:published_time\" content=\"2022-09-08T13:25:32+00:00\" \/>\n<meta property=\"article:modified_time\" content=\"2025-12-09T15:12:29+00:00\" \/>\n<meta property=\"og:image\" content=\"https:\/\/saskiagallery.fr\/wp-content\/uploads\/2022\/09\/photo-35.jpg\" \/>\n\t<meta property=\"og:image:width\" content=\"900\" \/>\n\t<meta property=\"og:image:height\" content=\"827\" \/>\n\t<meta property=\"og:image:type\" content=\"image\/jpeg\" \/>\n<meta name=\"author\" content=\"Pascal MARETS\" \/>\n<meta name=\"twitter:card\" content=\"summary_large_image\" \/>\n<meta name=\"twitter:label1\" content=\"\u00c9crit par\" \/>\n\t<meta name=\"twitter:data1\" content=\"Pascal MARETS\" \/>\n\t<meta name=\"twitter:label2\" content=\"Dur\u00e9e de lecture estim\u00e9e\" \/>\n\t<meta name=\"twitter:data2\" content=\"4 minutes\" \/>\n<script type=\"application\/ld+json\" class=\"yoast-schema-graph\">{\"@context\":\"https:\\\/\\\/schema.org\",\"@graph\":[{\"@type\":\"Article\",\"@id\":\"https:\\\/\\\/saskiagallery.fr\\\/index.php\\\/2022\\\/09\\\/08\\\/robert-clevier-artiste-francais\\\/#article\",\"isPartOf\":{\"@id\":\"https:\\\/\\\/saskiagallery.fr\\\/index.php\\\/2022\\\/09\\\/08\\\/robert-clevier-artiste-francais\\\/\"},\"author\":{\"name\":\"Pascal MARETS\",\"@id\":\"https:\\\/\\\/saskiagallery.fr\\\/#\\\/schema\\\/person\\\/a579a20dc36e110ff132d139f34963a0\"},\"headline\":\"Robert Clevier\",\"datePublished\":\"2022-09-08T13:25:32+00:00\",\"dateModified\":\"2025-12-09T15:12:29+00:00\",\"mainEntityOfPage\":{\"@id\":\"https:\\\/\\\/saskiagallery.fr\\\/index.php\\\/2022\\\/09\\\/08\\\/robert-clevier-artiste-francais\\\/\"},\"wordCount\":525,\"publisher\":{\"@id\":\"https:\\\/\\\/saskiagallery.fr\\\/#organization\"},\"image\":{\"@id\":\"https:\\\/\\\/saskiagallery.fr\\\/index.php\\\/2022\\\/09\\\/08\\\/robert-clevier-artiste-francais\\\/#primaryimage\"},\"thumbnailUrl\":\"https:\\\/\\\/saskiagallery.fr\\\/wp-content\\\/uploads\\\/2022\\\/09\\\/photo-35.jpg\",\"articleSection\":[\"Artistes\"],\"inLanguage\":\"fr-FR\"},{\"@type\":\"WebPage\",\"@id\":\"https:\\\/\\\/saskiagallery.fr\\\/index.php\\\/2022\\\/09\\\/08\\\/robert-clevier-artiste-francais\\\/\",\"url\":\"https:\\\/\\\/saskiagallery.fr\\\/index.php\\\/2022\\\/09\\\/08\\\/robert-clevier-artiste-francais\\\/\",\"name\":\"Robert Cl\u00e9vier artiste fran\u00e7ais - Saskia Gallery\",\"isPartOf\":{\"@id\":\"https:\\\/\\\/saskiagallery.fr\\\/#website\"},\"primaryImageOfPage\":{\"@id\":\"https:\\\/\\\/saskiagallery.fr\\\/index.php\\\/2022\\\/09\\\/08\\\/robert-clevier-artiste-francais\\\/#primaryimage\"},\"image\":{\"@id\":\"https:\\\/\\\/saskiagallery.fr\\\/index.php\\\/2022\\\/09\\\/08\\\/robert-clevier-artiste-francais\\\/#primaryimage\"},\"thumbnailUrl\":\"https:\\\/\\\/saskiagallery.fr\\\/wp-content\\\/uploads\\\/2022\\\/09\\\/photo-35.jpg\",\"datePublished\":\"2022-09-08T13:25:32+00:00\",\"dateModified\":\"2025-12-09T15:12:29+00:00\",\"description\":\"Biographie de Robert CLEVIER, artiste fran\u00e7ais contemporain. Expositions dans de nombreuses galeries, pr\u00e9sent\u00e9 par Saskia Gallery PARIS\",\"breadcrumb\":{\"@id\":\"https:\\\/\\\/saskiagallery.fr\\\/index.php\\\/2022\\\/09\\\/08\\\/robert-clevier-artiste-francais\\\/#breadcrumb\"},\"inLanguage\":\"fr-FR\",\"potentialAction\":[{\"@type\":\"ReadAction\",\"target\":[\"https:\\\/\\\/saskiagallery.fr\\\/index.php\\\/2022\\\/09\\\/08\\\/robert-clevier-artiste-francais\\\/\"]}]},{\"@type\":\"ImageObject\",\"inLanguage\":\"fr-FR\",\"@id\":\"https:\\\/\\\/saskiagallery.fr\\\/index.php\\\/2022\\\/09\\\/08\\\/robert-clevier-artiste-francais\\\/#primaryimage\",\"url\":\"https:\\\/\\\/saskiagallery.fr\\\/wp-content\\\/uploads\\\/2022\\\/09\\\/photo-35.jpg\",\"contentUrl\":\"https:\\\/\\\/saskiagallery.fr\\\/wp-content\\\/uploads\\\/2022\\\/09\\\/photo-35.jpg\",\"width\":900,\"height\":827,\"caption\":\"Robert Cl\u00e9vier, artiste fran\u00e7ais\"},{\"@type\":\"BreadcrumbList\",\"@id\":\"https:\\\/\\\/saskiagallery.fr\\\/index.php\\\/2022\\\/09\\\/08\\\/robert-clevier-artiste-francais\\\/#breadcrumb\",\"itemListElement\":[{\"@type\":\"ListItem\",\"position\":1,\"name\":\"Accueil\",\"item\":\"https:\\\/\\\/saskiagallery.fr\\\/\"},{\"@type\":\"ListItem\",\"position\":2,\"name\":\"Robert Clevier\"}]},{\"@type\":\"WebSite\",\"@id\":\"https:\\\/\\\/saskiagallery.fr\\\/#website\",\"url\":\"https:\\\/\\\/saskiagallery.fr\\\/\",\"name\":\"Saskia Gallery\",\"description\":\"Galerie d&#039;artistes contemporains - Vente en ligne\",\"publisher\":{\"@id\":\"https:\\\/\\\/saskiagallery.fr\\\/#organization\"},\"potentialAction\":[{\"@type\":\"SearchAction\",\"target\":{\"@type\":\"EntryPoint\",\"urlTemplate\":\"https:\\\/\\\/saskiagallery.fr\\\/?s={search_term_string}\"},\"query-input\":{\"@type\":\"PropertyValueSpecification\",\"valueRequired\":true,\"valueName\":\"search_term_string\"}}],\"inLanguage\":\"fr-FR\"},{\"@type\":\"Organization\",\"@id\":\"https:\\\/\\\/saskiagallery.fr\\\/#organization\",\"name\":\"Saskia Gallery PARIS\",\"url\":\"https:\\\/\\\/saskiagallery.fr\\\/\",\"logo\":{\"@type\":\"ImageObject\",\"inLanguage\":\"fr-FR\",\"@id\":\"https:\\\/\\\/saskiagallery.fr\\\/#\\\/schema\\\/logo\\\/image\\\/\",\"url\":\"https:\\\/\\\/i0.wp.com\\\/saskiagallery.fr\\\/wp-content\\\/uploads\\\/2022\\\/02\\\/logo_saskiagallerygd.jpg?fit=575%2C188&ssl=1\",\"contentUrl\":\"https:\\\/\\\/i0.wp.com\\\/saskiagallery.fr\\\/wp-content\\\/uploads\\\/2022\\\/02\\\/logo_saskiagallerygd.jpg?fit=575%2C188&ssl=1\",\"width\":575,\"height\":188,\"caption\":\"Saskia Gallery PARIS\"},\"image\":{\"@id\":\"https:\\\/\\\/saskiagallery.fr\\\/#\\\/schema\\\/logo\\\/image\\\/\"}},{\"@type\":\"Person\",\"@id\":\"https:\\\/\\\/saskiagallery.fr\\\/#\\\/schema\\\/person\\\/a579a20dc36e110ff132d139f34963a0\",\"name\":\"Pascal MARETS\",\"image\":{\"@type\":\"ImageObject\",\"inLanguage\":\"fr-FR\",\"@id\":\"https:\\\/\\\/secure.gravatar.com\\\/avatar\\\/e3fbb13ef978f5b7ae9c9a70c4a973c677718f4e599b358385e47a270862c815?s=96&r=g\",\"url\":\"https:\\\/\\\/secure.gravatar.com\\\/avatar\\\/e3fbb13ef978f5b7ae9c9a70c4a973c677718f4e599b358385e47a270862c815?s=96&r=g\",\"contentUrl\":\"https:\\\/\\\/secure.gravatar.com\\\/avatar\\\/e3fbb13ef978f5b7ae9c9a70c4a973c677718f4e599b358385e47a270862c815?s=96&r=g\",\"caption\":\"Pascal MARETS\"},\"url\":\"https:\\\/\\\/saskiagallery.fr\\\/index.php\\\/author\\\/mastersaskia\\\/\"}]}<\/script>\n<!-- \/ Yoast SEO plugin. -->","yoast_head_json":{"title":"Robert Cl\u00e9vier artiste fran\u00e7ais - Saskia Gallery","description":"Biographie de Robert CLEVIER, artiste fran\u00e7ais contemporain. Expositions dans de nombreuses galeries, pr\u00e9sent\u00e9 par Saskia Gallery PARIS","robots":{"index":"index","follow":"follow","max-snippet":"max-snippet:-1","max-image-preview":"max-image-preview:large","max-video-preview":"max-video-preview:-1"},"canonical":"https:\/\/saskiagallery.fr\/index.php\/2022\/09\/08\/robert-clevier-artiste-francais\/","og_locale":"fr_FR","og_type":"article","og_title":"Robert Cl\u00e9vier artiste fran\u00e7ais - Saskia Gallery","og_description":"Biographie de Robert CLEVIER, artiste fran\u00e7ais contemporain. Expositions dans de nombreuses galeries, pr\u00e9sent\u00e9 par Saskia Gallery PARIS","og_url":"https:\/\/saskiagallery.fr\/index.php\/2022\/09\/08\/robert-clevier-artiste-francais\/","og_site_name":"Saskia Gallery","article_published_time":"2022-09-08T13:25:32+00:00","article_modified_time":"2025-12-09T15:12:29+00:00","og_image":[{"width":900,"height":827,"url":"https:\/\/saskiagallery.fr\/wp-content\/uploads\/2022\/09\/photo-35.jpg","type":"image\/jpeg"}],"author":"Pascal MARETS","twitter_card":"summary_large_image","twitter_misc":{"\u00c9crit par":"Pascal MARETS","Dur\u00e9e de lecture estim\u00e9e":"4 minutes"},"schema":{"@context":"https:\/\/schema.org","@graph":[{"@type":"Article","@id":"https:\/\/saskiagallery.fr\/index.php\/2022\/09\/08\/robert-clevier-artiste-francais\/#article","isPartOf":{"@id":"https:\/\/saskiagallery.fr\/index.php\/2022\/09\/08\/robert-clevier-artiste-francais\/"},"author":{"name":"Pascal MARETS","@id":"https:\/\/saskiagallery.fr\/#\/schema\/person\/a579a20dc36e110ff132d139f34963a0"},"headline":"Robert Clevier","datePublished":"2022-09-08T13:25:32+00:00","dateModified":"2025-12-09T15:12:29+00:00","mainEntityOfPage":{"@id":"https:\/\/saskiagallery.fr\/index.php\/2022\/09\/08\/robert-clevier-artiste-francais\/"},"wordCount":525,"publisher":{"@id":"https:\/\/saskiagallery.fr\/#organization"},"image":{"@id":"https:\/\/saskiagallery.fr\/index.php\/2022\/09\/08\/robert-clevier-artiste-francais\/#primaryimage"},"thumbnailUrl":"https:\/\/saskiagallery.fr\/wp-content\/uploads\/2022\/09\/photo-35.jpg","articleSection":["Artistes"],"inLanguage":"fr-FR"},{"@type":"WebPage","@id":"https:\/\/saskiagallery.fr\/index.php\/2022\/09\/08\/robert-clevier-artiste-francais\/","url":"https:\/\/saskiagallery.fr\/index.php\/2022\/09\/08\/robert-clevier-artiste-francais\/","name":"Robert Cl\u00e9vier artiste fran\u00e7ais - Saskia Gallery","isPartOf":{"@id":"https:\/\/saskiagallery.fr\/#website"},"primaryImageOfPage":{"@id":"https:\/\/saskiagallery.fr\/index.php\/2022\/09\/08\/robert-clevier-artiste-francais\/#primaryimage"},"image":{"@id":"https:\/\/saskiagallery.fr\/index.php\/2022\/09\/08\/robert-clevier-artiste-francais\/#primaryimage"},"thumbnailUrl":"https:\/\/saskiagallery.fr\/wp-content\/uploads\/2022\/09\/photo-35.jpg","datePublished":"2022-09-08T13:25:32+00:00","dateModified":"2025-12-09T15:12:29+00:00","description":"Biographie de Robert CLEVIER, artiste fran\u00e7ais contemporain. Expositions dans de nombreuses galeries, pr\u00e9sent\u00e9 par Saskia Gallery PARIS","breadcrumb":{"@id":"https:\/\/saskiagallery.fr\/index.php\/2022\/09\/08\/robert-clevier-artiste-francais\/#breadcrumb"},"inLanguage":"fr-FR","potentialAction":[{"@type":"ReadAction","target":["https:\/\/saskiagallery.fr\/index.php\/2022\/09\/08\/robert-clevier-artiste-francais\/"]}]},{"@type":"ImageObject","inLanguage":"fr-FR","@id":"https:\/\/saskiagallery.fr\/index.php\/2022\/09\/08\/robert-clevier-artiste-francais\/#primaryimage","url":"https:\/\/saskiagallery.fr\/wp-content\/uploads\/2022\/09\/photo-35.jpg","contentUrl":"https:\/\/saskiagallery.fr\/wp-content\/uploads\/2022\/09\/photo-35.jpg","width":900,"height":827,"caption":"Robert Cl\u00e9vier, artiste fran\u00e7ais"},{"@type":"BreadcrumbList","@id":"https:\/\/saskiagallery.fr\/index.php\/2022\/09\/08\/robert-clevier-artiste-francais\/#breadcrumb","itemListElement":[{"@type":"ListItem","position":1,"name":"Accueil","item":"https:\/\/saskiagallery.fr\/"},{"@type":"ListItem","position":2,"name":"Robert Clevier"}]},{"@type":"WebSite","@id":"https:\/\/saskiagallery.fr\/#website","url":"https:\/\/saskiagallery.fr\/","name":"Saskia Gallery","description":"Galerie d&#039;artistes contemporains - Vente en ligne","publisher":{"@id":"https:\/\/saskiagallery.fr\/#organization"},"potentialAction":[{"@type":"SearchAction","target":{"@type":"EntryPoint","urlTemplate":"https:\/\/saskiagallery.fr\/?s={search_term_string}"},"query-input":{"@type":"PropertyValueSpecification","valueRequired":true,"valueName":"search_term_string"}}],"inLanguage":"fr-FR"},{"@type":"Organization","@id":"https:\/\/saskiagallery.fr\/#organization","name":"Saskia Gallery PARIS","url":"https:\/\/saskiagallery.fr\/","logo":{"@type":"ImageObject","inLanguage":"fr-FR","@id":"https:\/\/saskiagallery.fr\/#\/schema\/logo\/image\/","url":"https:\/\/i0.wp.com\/saskiagallery.fr\/wp-content\/uploads\/2022\/02\/logo_saskiagallerygd.jpg?fit=575%2C188&ssl=1","contentUrl":"https:\/\/i0.wp.com\/saskiagallery.fr\/wp-content\/uploads\/2022\/02\/logo_saskiagallerygd.jpg?fit=575%2C188&ssl=1","width":575,"height":188,"caption":"Saskia Gallery PARIS"},"image":{"@id":"https:\/\/saskiagallery.fr\/#\/schema\/logo\/image\/"}},{"@type":"Person","@id":"https:\/\/saskiagallery.fr\/#\/schema\/person\/a579a20dc36e110ff132d139f34963a0","name":"Pascal MARETS","image":{"@type":"ImageObject","inLanguage":"fr-FR","@id":"https:\/\/secure.gravatar.com\/avatar\/e3fbb13ef978f5b7ae9c9a70c4a973c677718f4e599b358385e47a270862c815?s=96&r=g","url":"https:\/\/secure.gravatar.com\/avatar\/e3fbb13ef978f5b7ae9c9a70c4a973c677718f4e599b358385e47a270862c815?s=96&r=g","contentUrl":"https:\/\/secure.gravatar.com\/avatar\/e3fbb13ef978f5b7ae9c9a70c4a973c677718f4e599b358385e47a270862c815?s=96&r=g","caption":"Pascal MARETS"},"url":"https:\/\/saskiagallery.fr\/index.php\/author\/mastersaskia\/"}]}},"jetpack_featured_media_url":"https:\/\/saskiagallery.fr\/wp-content\/uploads\/2022\/09\/photo-35.jpg","jetpack_sharing_enabled":true,"_links":{"self":[{"href":"https:\/\/saskiagallery.fr\/index.php\/wp-json\/wp\/v2\/posts\/1961","targetHints":{"allow":["GET"]}}],"collection":[{"href":"https:\/\/saskiagallery.fr\/index.php\/wp-json\/wp\/v2\/posts"}],"about":[{"href":"https:\/\/saskiagallery.fr\/index.php\/wp-json\/wp\/v2\/types\/post"}],"author":[{"embeddable":true,"href":"https:\/\/saskiagallery.fr\/index.php\/wp-json\/wp\/v2\/users\/2"}],"replies":[{"embeddable":true,"href":"https:\/\/saskiagallery.fr\/index.php\/wp-json\/wp\/v2\/comments?post=1961"}],"version-history":[{"count":139,"href":"https:\/\/saskiagallery.fr\/index.php\/wp-json\/wp\/v2\/posts\/1961\/revisions"}],"predecessor-version":[{"id":8188,"href":"https:\/\/saskiagallery.fr\/index.php\/wp-json\/wp\/v2\/posts\/1961\/revisions\/8188"}],"wp:featuredmedia":[{"embeddable":true,"href":"https:\/\/saskiagallery.fr\/index.php\/wp-json\/wp\/v2\/media\/1962"}],"wp:attachment":[{"href":"https:\/\/saskiagallery.fr\/index.php\/wp-json\/wp\/v2\/media?parent=1961"}],"wp:term":[{"taxonomy":"category","embeddable":true,"href":"https:\/\/saskiagallery.fr\/index.php\/wp-json\/wp\/v2\/categories?post=1961"},{"taxonomy":"post_tag","embeddable":true,"href":"https:\/\/saskiagallery.fr\/index.php\/wp-json\/wp\/v2\/tags?post=1961"}],"curies":[{"name":"wp","href":"https:\/\/api.w.org\/{rel}","templated":true}]}}