{"id":4211,"date":"2022-11-13T16:15:35","date_gmt":"2022-11-13T15:15:35","guid":{"rendered":"https:\/\/saskiagallery.fr\/?p=4211"},"modified":"2023-11-07T20:37:08","modified_gmt":"2023-11-07T19:37:08","slug":"isaac-celnikier","status":"publish","type":"post","link":"https:\/\/saskiagallery.fr\/index.php\/2022\/11\/13\/isaac-celnikier\/","title":{"rendered":"Isaac Celnikier"},"content":{"rendered":"\t\t<div data-elementor-type=\"wp-post\" data-elementor-id=\"4211\" class=\"elementor elementor-4211\" data-elementor-post-type=\"post\">\n\t\t\t\t\t\t<section data-particle_enable=\"false\" data-particle-mobile-disabled=\"false\" class=\"elementor-section elementor-top-section elementor-element elementor-element-8f30d34 elementor-section-boxed elementor-section-height-default elementor-section-height-default\" data-id=\"8f30d34\" data-element_type=\"section\" data-e-type=\"section\">\n\t\t\t\t\t\t<div class=\"elementor-container elementor-column-gap-default\">\n\t\t\t\t\t<div class=\"elementor-column elementor-col-100 elementor-top-column elementor-element elementor-element-b87c205\" data-id=\"b87c205\" data-element_type=\"column\" data-e-type=\"column\">\n\t\t\t<div class=\"elementor-widget-wrap elementor-element-populated\">\n\t\t\t\t\t\t<div class=\"elementor-element elementor-element-34866ae elementor-fixed elementor-widget elementor-widget-image\" data-id=\"34866ae\" data-element_type=\"widget\" data-e-type=\"widget\" data-settings=\"{&quot;_position&quot;:&quot;fixed&quot;}\" data-widget_type=\"image.default\">\n\t\t\t\t<div class=\"elementor-widget-container\">\n\t\t\t\t\t\t\t\t\t\t\t\t\t\t\t\t<a href=\"https:\/\/saskiagallery.fr\/index.php\/2022\/09\/08\/isaac-celnikier-artiste-polonais\/\">\n\t\t\t\t\t\t\t<img decoding=\"async\" width=\"43\" height=\"43\" src=\"https:\/\/saskiagallery.fr\/wp-content\/uploads\/2022\/12\/fr_language.png\" class=\"attachment-full size-full wp-image-5564\" alt=\"\" \/>\t\t\t\t\t\t\t\t<\/a>\n\t\t\t\t\t\t\t\t\t\t\t\t\t\t\t<\/div>\n\t\t\t\t<\/div>\n\t\t\t\t\t<\/div>\n\t\t<\/div>\n\t\t\t\t\t<\/div>\n\t\t<\/section>\n\t\t\t\t<section data-particle_enable=\"false\" data-particle-mobile-disabled=\"false\" class=\"elementor-section elementor-top-section elementor-element elementor-element-1b5fbb94 elementor-section-boxed elementor-section-height-default elementor-section-height-default\" data-id=\"1b5fbb94\" data-element_type=\"section\" data-e-type=\"section\">\n\t\t\t\t\t\t<div class=\"elementor-container elementor-column-gap-default\">\n\t\t\t\t\t<div class=\"elementor-column elementor-col-50 elementor-top-column elementor-element elementor-element-23424d58\" data-id=\"23424d58\" data-element_type=\"column\" data-e-type=\"column\">\n\t\t\t<div class=\"elementor-widget-wrap elementor-element-populated\">\n\t\t\t\t\t\t<div class=\"elementor-element elementor-element-64754ad elementor-invisible elementor-widget elementor-widget-image\" data-id=\"64754ad\" data-element_type=\"widget\" data-e-type=\"widget\" data-settings=\"{&quot;_animation&quot;:&quot;fadeIn&quot;}\" data-widget_type=\"image.default\">\n\t\t\t\t<div class=\"elementor-widget-container\">\n\t\t\t\t\t\t\t\t\t\t\t\t\t\t\t<img fetchpriority=\"high\" decoding=\"async\" width=\"650\" height=\"430\" src=\"https:\/\/saskiagallery.fr\/wp-content\/uploads\/2022\/09\/Isaac-Celnikier.jpg\" class=\"attachment-large size-large wp-image-1967\" alt=\"Isaac CELNIKIER artiste peintre\" srcset=\"https:\/\/saskiagallery.fr\/wp-content\/uploads\/2022\/09\/Isaac-Celnikier.jpg 650w, https:\/\/saskiagallery.fr\/wp-content\/uploads\/2022\/09\/Isaac-Celnikier-300x198.jpg 300w, https:\/\/saskiagallery.fr\/wp-content\/uploads\/2022\/09\/Isaac-Celnikier-600x397.jpg 600w\" sizes=\"(max-width: 650px) 100vw, 650px\" \/>\t\t\t\t\t\t\t\t\t\t\t\t\t\t\t<\/div>\n\t\t\t\t<\/div>\n\t\t\t\t<div class=\"elementor-element elementor-element-77ac7f63 elementor-icon-list--layout-traditional elementor-list-item-link-full_width elementor-invisible elementor-widget elementor-widget-icon-list\" data-id=\"77ac7f63\" data-element_type=\"widget\" data-e-type=\"widget\" data-settings=\"{&quot;_animation&quot;:&quot;fadeIn&quot;}\" data-widget_type=\"icon-list.default\">\n\t\t\t\t<div class=\"elementor-widget-container\">\n\t\t\t\t\t\t\t<ul class=\"elementor-icon-list-items\">\n\t\t\t\t\t\t\t<li class=\"elementor-icon-list-item\">\n\t\t\t\t\t\t\t\t\t\t\t<a href=\"https:\/\/saskiagallery.fr\/index.php\/2022\/11\/13\/isaac-celnikier-2019-les-uns-et-les-autres\/\">\n\n\t\t\t\t\t\t\t\t\t\t\t\t<span class=\"elementor-icon-list-icon\">\n\t\t\t\t\t\t\t<i aria-hidden=\"true\" class=\"fas fa-arrow-right\"><\/i>\t\t\t\t\t\t<\/span>\n\t\t\t\t\t\t\t\t\t\t<span class=\"elementor-icon-list-text\">Recent exhibition<\/span>\n\t\t\t\t\t\t\t\t\t\t\t<\/a>\n\t\t\t\t\t\t\t\t\t<\/li>\n\t\t\t\t\t\t\t\t<li class=\"elementor-icon-list-item\">\n\t\t\t\t\t\t\t\t\t\t\t<a href=\"https:\/\/saskiagallery.fr\/index.php\/2023\/10\/30\/isaac-celnikier-artworks\/\">\n\n\t\t\t\t\t\t\t\t\t\t\t\t<span class=\"elementor-icon-list-icon\">\n\t\t\t\t\t\t\t<i aria-hidden=\"true\" class=\"fas fa-arrow-right\"><\/i>\t\t\t\t\t\t<\/span>\n\t\t\t\t\t\t\t\t\t\t<span class=\"elementor-icon-list-text\">Artworks<\/span>\n\t\t\t\t\t\t\t\t\t\t\t<\/a>\n\t\t\t\t\t\t\t\t\t<\/li>\n\t\t\t\t\t\t\t\t<li class=\"elementor-icon-list-item\">\n\t\t\t\t\t\t\t\t\t\t\t<a href=\"https:\/\/saskiagallery.fr\/index.php\/2022\/12\/08\/isaac-celnikier-bibliography\/\">\n\n\t\t\t\t\t\t\t\t\t\t\t\t<span class=\"elementor-icon-list-icon\">\n\t\t\t\t\t\t\t<i aria-hidden=\"true\" class=\"fas fa-arrow-right\"><\/i>\t\t\t\t\t\t<\/span>\n\t\t\t\t\t\t\t\t\t\t<span class=\"elementor-icon-list-text\">Bibliography<\/span>\n\t\t\t\t\t\t\t\t\t\t\t<\/a>\n\t\t\t\t\t\t\t\t\t<\/li>\n\t\t\t\t\t\t<\/ul>\n\t\t\t\t\t\t<\/div>\n\t\t\t\t<\/div>\n\t\t\t\t<div class=\"elementor-element elementor-element-51c5a53 elementor-icon-list--layout-traditional elementor-list-item-link-full_width elementor-invisible elementor-widget elementor-widget-icon-list\" data-id=\"51c5a53\" data-element_type=\"widget\" data-e-type=\"widget\" data-settings=\"{&quot;_animation&quot;:&quot;fadeIn&quot;}\" data-widget_type=\"icon-list.default\">\n\t\t\t\t<div class=\"elementor-widget-container\">\n\t\t\t\t\t\t\t<ul class=\"elementor-icon-list-items\">\n\t\t\t\t\t\t\t<li class=\"elementor-icon-list-item\">\n\t\t\t\t\t\t\t\t\t\t\t<a href=\"https:\/\/saskiagallery.fr\/index.php\/gallery\/\">\n\n\t\t\t\t\t\t\t\t\t\t\t\t<span class=\"elementor-icon-list-icon\">\n\t\t\t\t\t\t\t<i aria-hidden=\"true\" class=\"far fa-arrow-alt-circle-right\"><\/i>\t\t\t\t\t\t<\/span>\n\t\t\t\t\t\t\t\t\t\t<span class=\"elementor-icon-list-text\">Gallery<\/span>\n\t\t\t\t\t\t\t\t\t\t\t<\/a>\n\t\t\t\t\t\t\t\t\t<\/li>\n\t\t\t\t\t\t<\/ul>\n\t\t\t\t\t\t<\/div>\n\t\t\t\t<\/div>\n\t\t\t\t<div class=\"elementor-element elementor-element-3ea95ba1 elementor-align-left elementor-widget elementor-widget-button\" data-id=\"3ea95ba1\" data-element_type=\"widget\" data-e-type=\"widget\" data-widget_type=\"button.default\">\n\t\t\t\t<div class=\"elementor-widget-container\">\n\t\t\t\t\t\t\t\t\t<div class=\"elementor-button-wrapper\">\n\t\t\t\t\t<a class=\"elementor-button elementor-button-link elementor-size-sm\" href=\"https:\/\/saskiagallery.fr\/index.php\/artistes-2\/\">\n\t\t\t\t\t\t<span class=\"elementor-button-content-wrapper\">\n\t\t\t\t\t\t<span class=\"elementor-button-icon\">\n\t\t\t\t<svg xmlns=\"http:\/\/www.w3.org\/2000\/svg\" id=\"e1fe74b6-1a49-4362-ab7f-8fcea35a7e82\" data-name=\"Layer 1\" viewBox=\"0 0 29.994 21.4996\"><title>go-back-icon<\/title><path d=\"M29.244,10H2.684l9.5644-8.6948A.75.75,0,0,0,11.24.1944l-11,10c-.0094.0086-.0129.0206-.0217.03s-.0206.012-.0291.0213a.7046.7046,0,0,0-.0584.0979.7262.7262,0,0,0-.076.1272.7186.7186,0,0,0-.034.1389.4933.4933,0,0,0,0,.2808.72.72,0,0,0,.034.139.73.73,0,0,0,.076.1272.7094.7094,0,0,0,.0584.0978c.0082.009.02.0118.0284.02s.0127.0216.0224.03l11,10a.75.75,0,1,0,1.0088-1.1094L2.684,11.5h26.56a.75.75,0,0,0,0-1.5Z\"><\/path><\/svg>\t\t\t<\/span>\n\t\t\t\t\t\t\t\t\t<span class=\"elementor-button-text\">All our artists<\/span>\n\t\t\t\t\t<\/span>\n\t\t\t\t\t<\/a>\n\t\t\t\t<\/div>\n\t\t\t\t\t\t\t\t<\/div>\n\t\t\t\t<\/div>\n\t\t\t\t<section data-particle_enable=\"false\" data-particle-mobile-disabled=\"false\" class=\"elementor-section elementor-inner-section elementor-element elementor-element-31e20fd animated-slow elementor-section-boxed elementor-section-height-default elementor-section-height-default\" data-id=\"31e20fd\" data-element_type=\"section\" data-e-type=\"section\" data-settings=\"{&quot;animation&quot;:&quot;none&quot;}\">\n\t\t\t\t\t\t<div class=\"elementor-container elementor-column-gap-default\">\n\t\t\t\t\t<div class=\"elementor-column elementor-col-50 elementor-inner-column elementor-element elementor-element-b1d0aba\" data-id=\"b1d0aba\" data-element_type=\"column\" data-e-type=\"column\">\n\t\t\t<div class=\"elementor-widget-wrap elementor-element-populated\">\n\t\t\t\t\t\t<div class=\"elementor-element elementor-element-a91ae45 elementor-invisible elementor-widget elementor-widget-image\" data-id=\"a91ae45\" data-element_type=\"widget\" data-e-type=\"widget\" data-settings=\"{&quot;_animation&quot;:&quot;rotateInDownLeft&quot;}\" data-widget_type=\"image.default\">\n\t\t\t\t<div class=\"elementor-widget-container\">\n\t\t\t\t\t\t\t\t\t\t\t\t\t\t\t<img decoding=\"async\" src=\"https:\/\/saskiagallery.fr\/wp-content\/uploads\/elementor\/thumbs\/expo-puib4mx17esfafotbvp40u7yai6jnn9ftonswcbjqk.png\" title=\"expo\" alt=\"expo\" loading=\"lazy\" \/>\t\t\t\t\t\t\t\t\t\t\t\t\t\t\t<\/div>\n\t\t\t\t<\/div>\n\t\t\t\t\t<\/div>\n\t\t<\/div>\n\t\t\t\t<div class=\"elementor-column elementor-col-50 elementor-inner-column elementor-element elementor-element-141fadb\" data-id=\"141fadb\" data-element_type=\"column\" data-e-type=\"column\">\n\t\t\t<div class=\"elementor-widget-wrap elementor-element-populated\">\n\t\t\t\t\t\t<div class=\"elementor-element elementor-element-1e398d5 elementor-widget elementor-widget-heading\" data-id=\"1e398d5\" data-element_type=\"widget\" data-e-type=\"widget\" data-settings=\"{&quot;_animation&quot;:&quot;none&quot;}\" data-widget_type=\"heading.default\">\n\t\t\t\t<div class=\"elementor-widget-container\">\n\t\t\t\t\t<h2 class=\"elementor-heading-title elementor-size-default\">Exhibitions<\/h2>\t\t\t\t<\/div>\n\t\t\t\t<\/div>\n\t\t\t\t\t<\/div>\n\t\t<\/div>\n\t\t\t\t\t<\/div>\n\t\t<\/section>\n\t\t\t\t<div class=\"elementor-element elementor-element-a424f8d elementor-widget elementor-widget-toggle\" data-id=\"a424f8d\" data-element_type=\"widget\" data-e-type=\"widget\" data-widget_type=\"toggle.default\">\n\t\t\t\t<div class=\"elementor-widget-container\">\n\t\t\t\t\t\t\t<div class=\"elementor-toggle\">\n\t\t\t\t\t\t\t<div class=\"elementor-toggle-item\">\n\t\t\t\t\t<div id=\"elementor-tab-title-1721\" class=\"elementor-tab-title\" data-tab=\"1\" role=\"button\" aria-controls=\"elementor-tab-content-1721\" aria-expanded=\"false\">\n\t\t\t\t\t\t\t\t\t\t\t\t<span class=\"elementor-toggle-icon elementor-toggle-icon-right\" aria-hidden=\"true\">\n\t\t\t\t\t\t\t\t\t\t\t\t\t\t\t<span class=\"elementor-toggle-icon-closed\"><i class=\"fas fa-plus\"><\/i><\/span>\n\t\t\t\t\t\t\t\t<span class=\"elementor-toggle-icon-opened\"><i class=\"elementor-toggle-icon-opened fas fa-minus\"><\/i><\/span>\n\t\t\t\t\t\t\t\t\t\t\t\t\t<\/span>\n\t\t\t\t\t\t\t\t\t\t\t\t<a class=\"elementor-toggle-title\" tabindex=\"0\">Main exhibitions<\/a>\n\t\t\t\t\t<\/div>\n\n\t\t\t\t\t<div id=\"elementor-tab-content-1721\" class=\"elementor-tab-content elementor-clearfix\" data-tab=\"1\" role=\"region\" aria-labelledby=\"elementor-tab-title-1721\"><ul><li>1962 | Chapelle du Coll\u00e8ge de Carpentras<\/li><li>1967 | Mus\u00e9e d&rsquo;Isra\u00ebl, J\u00e9rusalem, Isra\u00ebl<\/li><li>1968 | Mus\u00e9e Municipal de Ha\u00effa, Isra\u00ebl &#8211; Mus\u00e9e d&rsquo;Art de Ein Harod, Isra\u00ebl<\/li><li>1969 | Galerie Katia Granoff, Paris<\/li><li>1971 | Centre d&rsquo;Art de Stavanger, Norv\u00e8ge<\/li><li>1972 | Galerie Chantepierre, Aubonne, Suisse<\/li><li>1976 | Mus\u00e9e de Tel-Aviv, Isra\u00ebl<\/li><li>1981 | Cit\u00e9 des Arts, Paris<\/li><li>1982 | Galerie Oftedal, Stavanger, Norv\u00e8ge<\/li><li>1985 | Mus\u00e9e d&rsquo;Art Yad Vashem, J\u00e9rusalem, Isra\u00ebl<\/li><li>1989\/1990 | Mus\u00e9e de Stavanger, Trondheim et Tromso, Norv\u00e8ge<\/li><li>1990 | Galerie de l&rsquo;Ermitage, Paris &#8211; <i>La M\u00e9moire grav\u00e9e,\u00a0<\/i>\u00e9dit\u00e9e par l&rsquo;Atelier Georges Leblanc<\/li><li>1991 | Mus\u00e9e des Augustins Toulouse. &#8211; Le Marjorat Villeneuve Tolosane<\/li><li>1992\/1993 | M\u00e9morial du Martyr Juif Inconnu, Paris<\/li><li>1993 | Pavillon du Mus\u00e9e Fabre, Montpellier &#8211; Galerie Nationale Zacheta, Varsovie, Pologne &#8211; Mus\u00e9e de la R\u00e9sistance, Gouda, Pays-Bas<\/li><li>1994 | Arsenal, Sion, Suisse<\/li><li>1995 | Archives d\u00e9partementales du Finist\u00e8re, Quimper, France &#8211; Galerie Hollar, Prague, R\u00e9publique tch\u00e8que &#8211; Mus\u00e9e de Terezin, Terezin, R\u00e9publique tch\u00e8que.<\/li><li>1996 | Galerie Fenclov\u00e1, Plzen, R\u00e9publique tch\u00e8que<\/li><li>2005 | Mus\u00e9e National de Cracovie (mars) &#8211; Mairie du 4\u00e8me Arrondisement de Paris (2 au 21 avril) &#8211; Centre Mondial pour la paix &#8211; Verdun (Mai) &#8211; Mus\u00e9e National de Cracovie (novembre)<\/li><li>2006 | Mus\u00e9e d&rsquo;Art et d&rsquo;Histoire du Juda\u00efsme &#8211; Paris (27 mars au 1er juillet 2007)<\/li><li>2007 | Galerie Les Montparnos\/Mathyeu le Bal &#8211; Paris (27 septembre au 4 d\u00e9cembre 2012)<\/li><li>2012 | Salle Culture &#8211; Sainte Agnes (23 juillet au 16 ao\u00fbt 2014)<\/li><li>2019 | Mairie du 5eme arrondissement de Paris<\/li><\/ul><\/div>\n\t\t\t\t<\/div>\n\t\t\t\t\t\t\t\t<\/div>\n\t\t\t\t\t\t<\/div>\n\t\t\t\t<\/div>\n\t\t\t\t\t<\/div>\n\t\t<\/div>\n\t\t\t\t<div class=\"elementor-column elementor-col-50 elementor-top-column elementor-element elementor-element-a4cc902\" data-id=\"a4cc902\" data-element_type=\"column\" data-e-type=\"column\">\n\t\t\t<div class=\"elementor-widget-wrap elementor-element-populated\">\n\t\t\t\t\t\t<div class=\"elementor-element elementor-element-25924a8 elementor-invisible elementor-widget elementor-widget-heading\" data-id=\"25924a8\" data-element_type=\"widget\" data-e-type=\"widget\" data-settings=\"{&quot;_animation&quot;:&quot;fadeIn&quot;}\" data-widget_type=\"heading.default\">\n\t\t\t\t<div class=\"elementor-widget-container\">\n\t\t\t\t\t<h2 class=\"elementor-heading-title elementor-size-default\">Isaac CELNIKIER - Biography<\/h2>\t\t\t\t<\/div>\n\t\t\t\t<\/div>\n\t\t\t\t<div class=\"elementor-element elementor-element-5aa8de03 elementor-widget-divider--view-line elementor-invisible elementor-widget elementor-widget-divider\" data-id=\"5aa8de03\" data-element_type=\"widget\" data-e-type=\"widget\" data-settings=\"{&quot;_animation&quot;:&quot;fadeIn&quot;}\" data-widget_type=\"divider.default\">\n\t\t\t\t<div class=\"elementor-widget-container\">\n\t\t\t\t\t\t\t<div class=\"elementor-divider\">\n\t\t\t<span class=\"elementor-divider-separator\">\n\t\t\t\t\t\t<\/span>\n\t\t<\/div>\n\t\t\t\t\t\t<\/div>\n\t\t\t\t<\/div>\n\t\t\t\t<div class=\"elementor-element elementor-element-5f69a6e animated-slow elementor-invisible elementor-widget elementor-widget-text-editor\" data-id=\"5f69a6e\" data-element_type=\"widget\" data-e-type=\"widget\" data-settings=\"{&quot;_animation&quot;:&quot;fadeIn&quot;,&quot;_animation_delay&quot;:500}\" data-widget_type=\"text-editor.default\">\n\t\t\t\t<div class=\"elementor-widget-container\">\n\t\t\t\t\t\t\t\t\t<p>| Polish artist |<br \/>Born on 8 May 1923 in Warsaw, died November 11, 2011 in Ivry sur Seine.<\/p>\t\t\t\t\t\t\t\t<\/div>\n\t\t\t\t<\/div>\n\t\t\t\t<div class=\"elementor-element elementor-element-536a9b4e animated-slow elementor-invisible elementor-widget elementor-widget-text-editor\" data-id=\"536a9b4e\" data-element_type=\"widget\" data-e-type=\"widget\" data-settings=\"{&quot;_animation&quot;:&quot;fadeIn&quot;,&quot;_animation_delay&quot;:500}\" data-widget_type=\"text-editor.default\">\n\t\t\t\t<div class=\"elementor-widget-container\">\n\t\t\t\t\t\t\t\t\t<p>1934\/38 \u2013 Raised in the orphanage of the pediatrician and pedagogue Janusz Korczak.<\/p><p>1938 \u2013 Leaves the orphanage and stays at the family house.<\/p><p>1939 \u2013 To avoid being locked up in the Warsaw Ghetto, he flees with his mother and sister towards Bialystok.<\/p><p>1940 \u2013 Works in a factory in Bialystok, learns about painting in La Maison de la Creation du Peuple, meets lots of painters and takes part in a collective exhibition in Minsk.<\/p><p>1941 \u2013 Locked up with his family in the Bialystok Ghetto. Works in a carpentry workshop, and then in a copyist (copiste, ecriture ou art?) studio for the German manufacturer Oskar Steffen.<\/p><p>1943 &#8211; After the Ghetto liquidation, loses track of his mother and sister. He will never see them again. Imprisoned at Lomza.<\/p><p>1943\/44 \u2013 Deported to Stutthof camp on the Baltique sea (November-January)<\/p><p>1944 \u2013 Deported to Birkenau (Auschwitz II), registration number 171870, then transferred to Bruna (Auschwitz III), where he is first assigned to Kabelkommando IG-Farben (cabling commando), and then to Malerlkommando 78 Siemens (painting commando)<\/p><p>1945 \u2013 Evacuation by foot or through open wagons to Mathausen (January), then to Schsenshausen (February), to Flosseburg (March) and lastly Dachau (April). During the last transportation, the train is sprayed with bullets from Allies planes; his leg is wounded. Found amongst corpses and dying American soldiers??, brought to the hospital where he narrowly avoids an amputation. Sent to the Czech boarder along with Russian soldiers, he is to be given to the Soviet authorities. Every single one of the prisoners is charged of high treason. Imprisoned in the Soviet camp of Sumperk in Moravia to ten years of forced labor. Works as a painter for the Soviet propaganda. Two days prior to being sent to the Gulag, he escapes and takes refuge in Prague. Goes back to Bialystok (December) and restores some thumbs where the Ghetto was located.<\/p><p>1946\/51 \u2013 Studies at the Academy of Arts, Architecture and Design in Prague, in Emil Filla\u2019s artist studio, painter and sculptor, prominent figure of the expressionist and cubist movement in Czechoslovakia.<\/p><p>1952 \u2013 Returns to Warsaw, takes part in Nowa Kultura and Przeglad Kulturainy periodical publications. <br \/>From 1953 onward \u2013 Participates in collective exhibitions in Poland and abroad.<\/p><p>1955 \u2013 Starts a dissident movement of young artists \u2018Arsenal\u2019, contributes to the organization of the National Exhibition of the members of the movement, displays the Ghetto, wins an award but fights against the members of the socialist realism movement.<\/p><p>1957 \u2013 Upon the rise in anti-Semitism in Poland and thanks to a scholarship of the Minster of Culture and Arts, he goes to Paris for what is supposed to be a one-month trip; however, he settles there permanently. <br \/>From 1962 onward \u2013 Exhibits individually in France, Israel, Switzerland, Norway, Czechoslovakia, and Netherlands.<\/p><p>1966 \u2013 He is raised Chevalier des Arts et des Lettres by Andr\u00e9 Malraux.<\/p><p>1966\/68 \u2013 Makes a few trips to Israel, where he paints his first landscapes of Jerusalem.<\/p><p>1968 \u2013 From his union to his first wife Barbara Majewska, his son Jacob is born on May 27th.<\/p><p>1969 \u2013 Encouraged by Miodrag, a Serbian artist, he creates his first Ghetto and Holocaust engravings.<\/p><p>1971 \u2013 Receives the Award of Honors \u2018Yehouda Zadj\u00e9\u2019 at the Couttoute Congr\u00e8s in Paris.<\/p><p>1981\/90 \u2013 From his union to his second wife Anne Szulmajster, his son Yoshua is born on February 20th. A series of portraits, nudes, maternity, and landscapes from South of France blooms. Creates intensively monumental paintings as well as engravings. 1990: birth of his daughter Sarah.<\/p><p>1993 \u2013 Receives the Award \u2018M\u00e9moire de la Shoah\u2019 from the \u2018Fondation du Juda\u00efsme Fran\u00e7ais\u2019.<\/p><p>2006 \u2013 Receives the Award Witold Wojtkiewicz from the \u2018Association des Artistes d&rsquo;Art Plastique et la Galerie Pryzmat\u2019, during a retrospective at \u2018Mus\u00e9e nation\u2019.<\/p><p>November 11th, 2011 \u2013 Passes away in Ivry sur Seine.<\/p>\t\t\t\t\t\t\t\t<\/div>\n\t\t\t\t<\/div>\n\t\t\t\t\t<\/div>\n\t\t<\/div>\n\t\t\t\t\t<\/div>\n\t\t<\/section>\n\t\t\t\t<\/div>\n\t\t","protected":false},"excerpt":{"rendered":"<p>Recent exhibition Artworks Bibliography Gallery go-back-icon All our artists Exhibitions Main exhibitions 1962 | Chapelle du Coll\u00e8ge de Carpentras 1967 | Mus\u00e9e d&#8217;Isra\u00ebl, J\u00e9rusalem, Isra\u00ebl 1968 | Mus\u00e9e Municipal de Ha\u00effa, Isra\u00ebl &#8211; Mus\u00e9e d&#8217;Art de Ein Harod, Isra\u00ebl 1969 | Galerie Katia Granoff, Paris 1971 | Centre d&#8217;Art de Stavanger, Norv\u00e8ge 1972 | Galerie&hellip;&nbsp;<a href=\"https:\/\/saskiagallery.fr\/index.php\/2022\/11\/13\/isaac-celnikier\/\" class=\"\" rel=\"bookmark\">Lire la suite &raquo;<span class=\"screen-reader-text\">Isaac Celnikier<\/span><\/a><\/p>\n","protected":false},"author":2,"featured_media":1967,"comment_status":"closed","ping_status":"open","sticky":false,"template":"elementor_header_footer","format":"standard","meta":{"_uf_show_specific_survey":0,"_uf_disable_surveys":false,"neve_meta_sidebar":"","neve_meta_container":"","neve_meta_enable_content_width":"","neve_meta_content_width":0,"neve_meta_title_alignment":"","neve_meta_author_avatar":"","neve_post_elements_order":"","neve_meta_disable_header":"","neve_meta_disable_footer":"","neve_meta_disable_title":"","_jetpack_memberships_contains_paid_content":false,"footnotes":""},"categories":[877],"tags":[],"class_list":["post-4211","post","type-post","status-publish","format-standard","has-post-thumbnail","hentry","category-artists"],"yoast_head":"<!-- This site is optimized with the Yoast SEO plugin v27.5 - https:\/\/yoast.com\/product\/yoast-seo-wordpress\/ -->\n<title>Isaac Celnikier - Saskia Gallery<\/title>\n<meta name=\"robots\" content=\"index, follow, max-snippet:-1, max-image-preview:large, max-video-preview:-1\" \/>\n<link rel=\"canonical\" href=\"https:\/\/saskiagallery.fr\/index.php\/2022\/11\/13\/isaac-celnikier\/\" \/>\n<meta property=\"og:locale\" content=\"fr_FR\" \/>\n<meta property=\"og:type\" content=\"article\" \/>\n<meta property=\"og:title\" content=\"Isaac Celnikier - Saskia Gallery\" \/>\n<meta property=\"og:description\" content=\"Recent exhibition Artworks Bibliography Gallery go-back-icon All our artists Exhibitions Main exhibitions 1962 | Chapelle du Coll\u00e8ge de Carpentras 1967 | Mus\u00e9e d&#8217;Isra\u00ebl, J\u00e9rusalem, Isra\u00ebl 1968 | Mus\u00e9e Municipal de Ha\u00effa, Isra\u00ebl &#8211; Mus\u00e9e d&#8217;Art de Ein Harod, Isra\u00ebl 1969 | Galerie Katia Granoff, Paris 1971 | Centre d&#8217;Art de Stavanger, Norv\u00e8ge 1972 | Galerie&hellip;&nbsp;Lire la suite &raquo;Isaac Celnikier\" \/>\n<meta property=\"og:url\" content=\"https:\/\/saskiagallery.fr\/index.php\/2022\/11\/13\/isaac-celnikier\/\" \/>\n<meta property=\"og:site_name\" content=\"Saskia Gallery\" \/>\n<meta property=\"article:published_time\" content=\"2022-11-13T15:15:35+00:00\" \/>\n<meta property=\"article:modified_time\" content=\"2023-11-07T19:37:08+00:00\" \/>\n<meta property=\"og:image\" content=\"https:\/\/saskiagallery.fr\/wp-content\/uploads\/2022\/09\/Isaac-Celnikier.jpg\" \/>\n\t<meta property=\"og:image:width\" content=\"650\" \/>\n\t<meta property=\"og:image:height\" content=\"430\" \/>\n\t<meta property=\"og:image:type\" content=\"image\/jpeg\" \/>\n<meta name=\"author\" content=\"Pascal MARETS\" \/>\n<meta name=\"twitter:card\" content=\"summary_large_image\" \/>\n<meta name=\"twitter:label1\" content=\"\u00c9crit par\" \/>\n\t<meta name=\"twitter:data1\" content=\"Pascal MARETS\" \/>\n\t<meta name=\"twitter:label2\" content=\"Dur\u00e9e de lecture estim\u00e9e\" \/>\n\t<meta name=\"twitter:data2\" content=\"6 minutes\" \/>\n<script type=\"application\/ld+json\" class=\"yoast-schema-graph\">{\"@context\":\"https:\\\/\\\/schema.org\",\"@graph\":[{\"@type\":\"Article\",\"@id\":\"https:\\\/\\\/saskiagallery.fr\\\/index.php\\\/2022\\\/11\\\/13\\\/isaac-celnikier\\\/#article\",\"isPartOf\":{\"@id\":\"https:\\\/\\\/saskiagallery.fr\\\/index.php\\\/2022\\\/11\\\/13\\\/isaac-celnikier\\\/\"},\"author\":{\"name\":\"Pascal MARETS\",\"@id\":\"https:\\\/\\\/saskiagallery.fr\\\/#\\\/schema\\\/person\\\/a579a20dc36e110ff132d139f34963a0\"},\"headline\":\"Isaac Celnikier\",\"datePublished\":\"2022-11-13T15:15:35+00:00\",\"dateModified\":\"2023-11-07T19:37:08+00:00\",\"mainEntityOfPage\":{\"@id\":\"https:\\\/\\\/saskiagallery.fr\\\/index.php\\\/2022\\\/11\\\/13\\\/isaac-celnikier\\\/\"},\"wordCount\":861,\"publisher\":{\"@id\":\"https:\\\/\\\/saskiagallery.fr\\\/#organization\"},\"image\":{\"@id\":\"https:\\\/\\\/saskiagallery.fr\\\/index.php\\\/2022\\\/11\\\/13\\\/isaac-celnikier\\\/#primaryimage\"},\"thumbnailUrl\":\"https:\\\/\\\/saskiagallery.fr\\\/wp-content\\\/uploads\\\/2022\\\/09\\\/Isaac-Celnikier.jpg\",\"articleSection\":[\"Artists\"],\"inLanguage\":\"fr-FR\"},{\"@type\":\"WebPage\",\"@id\":\"https:\\\/\\\/saskiagallery.fr\\\/index.php\\\/2022\\\/11\\\/13\\\/isaac-celnikier\\\/\",\"url\":\"https:\\\/\\\/saskiagallery.fr\\\/index.php\\\/2022\\\/11\\\/13\\\/isaac-celnikier\\\/\",\"name\":\"Isaac Celnikier - Saskia Gallery\",\"isPartOf\":{\"@id\":\"https:\\\/\\\/saskiagallery.fr\\\/#website\"},\"primaryImageOfPage\":{\"@id\":\"https:\\\/\\\/saskiagallery.fr\\\/index.php\\\/2022\\\/11\\\/13\\\/isaac-celnikier\\\/#primaryimage\"},\"image\":{\"@id\":\"https:\\\/\\\/saskiagallery.fr\\\/index.php\\\/2022\\\/11\\\/13\\\/isaac-celnikier\\\/#primaryimage\"},\"thumbnailUrl\":\"https:\\\/\\\/saskiagallery.fr\\\/wp-content\\\/uploads\\\/2022\\\/09\\\/Isaac-Celnikier.jpg\",\"datePublished\":\"2022-11-13T15:15:35+00:00\",\"dateModified\":\"2023-11-07T19:37:08+00:00\",\"breadcrumb\":{\"@id\":\"https:\\\/\\\/saskiagallery.fr\\\/index.php\\\/2022\\\/11\\\/13\\\/isaac-celnikier\\\/#breadcrumb\"},\"inLanguage\":\"fr-FR\",\"potentialAction\":[{\"@type\":\"ReadAction\",\"target\":[\"https:\\\/\\\/saskiagallery.fr\\\/index.php\\\/2022\\\/11\\\/13\\\/isaac-celnikier\\\/\"]}]},{\"@type\":\"ImageObject\",\"inLanguage\":\"fr-FR\",\"@id\":\"https:\\\/\\\/saskiagallery.fr\\\/index.php\\\/2022\\\/11\\\/13\\\/isaac-celnikier\\\/#primaryimage\",\"url\":\"https:\\\/\\\/saskiagallery.fr\\\/wp-content\\\/uploads\\\/2022\\\/09\\\/Isaac-Celnikier.jpg\",\"contentUrl\":\"https:\\\/\\\/saskiagallery.fr\\\/wp-content\\\/uploads\\\/2022\\\/09\\\/Isaac-Celnikier.jpg\",\"width\":650,\"height\":430,\"caption\":\"Isaac CELNIKIER artiste peintre\"},{\"@type\":\"BreadcrumbList\",\"@id\":\"https:\\\/\\\/saskiagallery.fr\\\/index.php\\\/2022\\\/11\\\/13\\\/isaac-celnikier\\\/#breadcrumb\",\"itemListElement\":[{\"@type\":\"ListItem\",\"position\":1,\"name\":\"Accueil\",\"item\":\"https:\\\/\\\/saskiagallery.fr\\\/\"},{\"@type\":\"ListItem\",\"position\":2,\"name\":\"Isaac Celnikier\"}]},{\"@type\":\"WebSite\",\"@id\":\"https:\\\/\\\/saskiagallery.fr\\\/#website\",\"url\":\"https:\\\/\\\/saskiagallery.fr\\\/\",\"name\":\"Saskia Gallery\",\"description\":\"Galerie d&#039;artistes contemporains - Vente en ligne\",\"publisher\":{\"@id\":\"https:\\\/\\\/saskiagallery.fr\\\/#organization\"},\"potentialAction\":[{\"@type\":\"SearchAction\",\"target\":{\"@type\":\"EntryPoint\",\"urlTemplate\":\"https:\\\/\\\/saskiagallery.fr\\\/?s={search_term_string}\"},\"query-input\":{\"@type\":\"PropertyValueSpecification\",\"valueRequired\":true,\"valueName\":\"search_term_string\"}}],\"inLanguage\":\"fr-FR\"},{\"@type\":\"Organization\",\"@id\":\"https:\\\/\\\/saskiagallery.fr\\\/#organization\",\"name\":\"Saskia Gallery PARIS\",\"url\":\"https:\\\/\\\/saskiagallery.fr\\\/\",\"logo\":{\"@type\":\"ImageObject\",\"inLanguage\":\"fr-FR\",\"@id\":\"https:\\\/\\\/saskiagallery.fr\\\/#\\\/schema\\\/logo\\\/image\\\/\",\"url\":\"https:\\\/\\\/i0.wp.com\\\/saskiagallery.fr\\\/wp-content\\\/uploads\\\/2022\\\/02\\\/logo_saskiagallerygd.jpg?fit=575%2C188&ssl=1\",\"contentUrl\":\"https:\\\/\\\/i0.wp.com\\\/saskiagallery.fr\\\/wp-content\\\/uploads\\\/2022\\\/02\\\/logo_saskiagallerygd.jpg?fit=575%2C188&ssl=1\",\"width\":575,\"height\":188,\"caption\":\"Saskia Gallery PARIS\"},\"image\":{\"@id\":\"https:\\\/\\\/saskiagallery.fr\\\/#\\\/schema\\\/logo\\\/image\\\/\"}},{\"@type\":\"Person\",\"@id\":\"https:\\\/\\\/saskiagallery.fr\\\/#\\\/schema\\\/person\\\/a579a20dc36e110ff132d139f34963a0\",\"name\":\"Pascal MARETS\",\"image\":{\"@type\":\"ImageObject\",\"inLanguage\":\"fr-FR\",\"@id\":\"https:\\\/\\\/secure.gravatar.com\\\/avatar\\\/e3fbb13ef978f5b7ae9c9a70c4a973c677718f4e599b358385e47a270862c815?s=96&r=g\",\"url\":\"https:\\\/\\\/secure.gravatar.com\\\/avatar\\\/e3fbb13ef978f5b7ae9c9a70c4a973c677718f4e599b358385e47a270862c815?s=96&r=g\",\"contentUrl\":\"https:\\\/\\\/secure.gravatar.com\\\/avatar\\\/e3fbb13ef978f5b7ae9c9a70c4a973c677718f4e599b358385e47a270862c815?s=96&r=g\",\"caption\":\"Pascal MARETS\"},\"url\":\"https:\\\/\\\/saskiagallery.fr\\\/index.php\\\/author\\\/mastersaskia\\\/\"}]}<\/script>\n<!-- \/ Yoast SEO plugin. -->","yoast_head_json":{"title":"Isaac Celnikier - Saskia Gallery","robots":{"index":"index","follow":"follow","max-snippet":"max-snippet:-1","max-image-preview":"max-image-preview:large","max-video-preview":"max-video-preview:-1"},"canonical":"https:\/\/saskiagallery.fr\/index.php\/2022\/11\/13\/isaac-celnikier\/","og_locale":"fr_FR","og_type":"article","og_title":"Isaac Celnikier - Saskia Gallery","og_description":"Recent exhibition Artworks Bibliography Gallery go-back-icon All our artists Exhibitions Main exhibitions 1962 | Chapelle du Coll\u00e8ge de Carpentras 1967 | Mus\u00e9e d&#8217;Isra\u00ebl, J\u00e9rusalem, Isra\u00ebl 1968 | Mus\u00e9e Municipal de Ha\u00effa, Isra\u00ebl &#8211; Mus\u00e9e d&#8217;Art de Ein Harod, Isra\u00ebl 1969 | Galerie Katia Granoff, Paris 1971 | Centre d&#8217;Art de Stavanger, Norv\u00e8ge 1972 | Galerie&hellip;&nbsp;Lire la suite &raquo;Isaac Celnikier","og_url":"https:\/\/saskiagallery.fr\/index.php\/2022\/11\/13\/isaac-celnikier\/","og_site_name":"Saskia Gallery","article_published_time":"2022-11-13T15:15:35+00:00","article_modified_time":"2023-11-07T19:37:08+00:00","og_image":[{"width":650,"height":430,"url":"https:\/\/saskiagallery.fr\/wp-content\/uploads\/2022\/09\/Isaac-Celnikier.jpg","type":"image\/jpeg"}],"author":"Pascal MARETS","twitter_card":"summary_large_image","twitter_misc":{"\u00c9crit par":"Pascal MARETS","Dur\u00e9e de lecture estim\u00e9e":"6 minutes"},"schema":{"@context":"https:\/\/schema.org","@graph":[{"@type":"Article","@id":"https:\/\/saskiagallery.fr\/index.php\/2022\/11\/13\/isaac-celnikier\/#article","isPartOf":{"@id":"https:\/\/saskiagallery.fr\/index.php\/2022\/11\/13\/isaac-celnikier\/"},"author":{"name":"Pascal MARETS","@id":"https:\/\/saskiagallery.fr\/#\/schema\/person\/a579a20dc36e110ff132d139f34963a0"},"headline":"Isaac Celnikier","datePublished":"2022-11-13T15:15:35+00:00","dateModified":"2023-11-07T19:37:08+00:00","mainEntityOfPage":{"@id":"https:\/\/saskiagallery.fr\/index.php\/2022\/11\/13\/isaac-celnikier\/"},"wordCount":861,"publisher":{"@id":"https:\/\/saskiagallery.fr\/#organization"},"image":{"@id":"https:\/\/saskiagallery.fr\/index.php\/2022\/11\/13\/isaac-celnikier\/#primaryimage"},"thumbnailUrl":"https:\/\/saskiagallery.fr\/wp-content\/uploads\/2022\/09\/Isaac-Celnikier.jpg","articleSection":["Artists"],"inLanguage":"fr-FR"},{"@type":"WebPage","@id":"https:\/\/saskiagallery.fr\/index.php\/2022\/11\/13\/isaac-celnikier\/","url":"https:\/\/saskiagallery.fr\/index.php\/2022\/11\/13\/isaac-celnikier\/","name":"Isaac Celnikier - Saskia Gallery","isPartOf":{"@id":"https:\/\/saskiagallery.fr\/#website"},"primaryImageOfPage":{"@id":"https:\/\/saskiagallery.fr\/index.php\/2022\/11\/13\/isaac-celnikier\/#primaryimage"},"image":{"@id":"https:\/\/saskiagallery.fr\/index.php\/2022\/11\/13\/isaac-celnikier\/#primaryimage"},"thumbnailUrl":"https:\/\/saskiagallery.fr\/wp-content\/uploads\/2022\/09\/Isaac-Celnikier.jpg","datePublished":"2022-11-13T15:15:35+00:00","dateModified":"2023-11-07T19:37:08+00:00","breadcrumb":{"@id":"https:\/\/saskiagallery.fr\/index.php\/2022\/11\/13\/isaac-celnikier\/#breadcrumb"},"inLanguage":"fr-FR","potentialAction":[{"@type":"ReadAction","target":["https:\/\/saskiagallery.fr\/index.php\/2022\/11\/13\/isaac-celnikier\/"]}]},{"@type":"ImageObject","inLanguage":"fr-FR","@id":"https:\/\/saskiagallery.fr\/index.php\/2022\/11\/13\/isaac-celnikier\/#primaryimage","url":"https:\/\/saskiagallery.fr\/wp-content\/uploads\/2022\/09\/Isaac-Celnikier.jpg","contentUrl":"https:\/\/saskiagallery.fr\/wp-content\/uploads\/2022\/09\/Isaac-Celnikier.jpg","width":650,"height":430,"caption":"Isaac CELNIKIER artiste peintre"},{"@type":"BreadcrumbList","@id":"https:\/\/saskiagallery.fr\/index.php\/2022\/11\/13\/isaac-celnikier\/#breadcrumb","itemListElement":[{"@type":"ListItem","position":1,"name":"Accueil","item":"https:\/\/saskiagallery.fr\/"},{"@type":"ListItem","position":2,"name":"Isaac Celnikier"}]},{"@type":"WebSite","@id":"https:\/\/saskiagallery.fr\/#website","url":"https:\/\/saskiagallery.fr\/","name":"Saskia Gallery","description":"Galerie d&#039;artistes contemporains - Vente en ligne","publisher":{"@id":"https:\/\/saskiagallery.fr\/#organization"},"potentialAction":[{"@type":"SearchAction","target":{"@type":"EntryPoint","urlTemplate":"https:\/\/saskiagallery.fr\/?s={search_term_string}"},"query-input":{"@type":"PropertyValueSpecification","valueRequired":true,"valueName":"search_term_string"}}],"inLanguage":"fr-FR"},{"@type":"Organization","@id":"https:\/\/saskiagallery.fr\/#organization","name":"Saskia Gallery PARIS","url":"https:\/\/saskiagallery.fr\/","logo":{"@type":"ImageObject","inLanguage":"fr-FR","@id":"https:\/\/saskiagallery.fr\/#\/schema\/logo\/image\/","url":"https:\/\/i0.wp.com\/saskiagallery.fr\/wp-content\/uploads\/2022\/02\/logo_saskiagallerygd.jpg?fit=575%2C188&ssl=1","contentUrl":"https:\/\/i0.wp.com\/saskiagallery.fr\/wp-content\/uploads\/2022\/02\/logo_saskiagallerygd.jpg?fit=575%2C188&ssl=1","width":575,"height":188,"caption":"Saskia Gallery PARIS"},"image":{"@id":"https:\/\/saskiagallery.fr\/#\/schema\/logo\/image\/"}},{"@type":"Person","@id":"https:\/\/saskiagallery.fr\/#\/schema\/person\/a579a20dc36e110ff132d139f34963a0","name":"Pascal MARETS","image":{"@type":"ImageObject","inLanguage":"fr-FR","@id":"https:\/\/secure.gravatar.com\/avatar\/e3fbb13ef978f5b7ae9c9a70c4a973c677718f4e599b358385e47a270862c815?s=96&r=g","url":"https:\/\/secure.gravatar.com\/avatar\/e3fbb13ef978f5b7ae9c9a70c4a973c677718f4e599b358385e47a270862c815?s=96&r=g","contentUrl":"https:\/\/secure.gravatar.com\/avatar\/e3fbb13ef978f5b7ae9c9a70c4a973c677718f4e599b358385e47a270862c815?s=96&r=g","caption":"Pascal MARETS"},"url":"https:\/\/saskiagallery.fr\/index.php\/author\/mastersaskia\/"}]}},"jetpack_featured_media_url":"https:\/\/saskiagallery.fr\/wp-content\/uploads\/2022\/09\/Isaac-Celnikier.jpg","jetpack_sharing_enabled":true,"_links":{"self":[{"href":"https:\/\/saskiagallery.fr\/index.php\/wp-json\/wp\/v2\/posts\/4211","targetHints":{"allow":["GET"]}}],"collection":[{"href":"https:\/\/saskiagallery.fr\/index.php\/wp-json\/wp\/v2\/posts"}],"about":[{"href":"https:\/\/saskiagallery.fr\/index.php\/wp-json\/wp\/v2\/types\/post"}],"author":[{"embeddable":true,"href":"https:\/\/saskiagallery.fr\/index.php\/wp-json\/wp\/v2\/users\/2"}],"replies":[{"embeddable":true,"href":"https:\/\/saskiagallery.fr\/index.php\/wp-json\/wp\/v2\/comments?post=4211"}],"version-history":[{"count":47,"href":"https:\/\/saskiagallery.fr\/index.php\/wp-json\/wp\/v2\/posts\/4211\/revisions"}],"predecessor-version":[{"id":7139,"href":"https:\/\/saskiagallery.fr\/index.php\/wp-json\/wp\/v2\/posts\/4211\/revisions\/7139"}],"wp:featuredmedia":[{"embeddable":true,"href":"https:\/\/saskiagallery.fr\/index.php\/wp-json\/wp\/v2\/media\/1967"}],"wp:attachment":[{"href":"https:\/\/saskiagallery.fr\/index.php\/wp-json\/wp\/v2\/media?parent=4211"}],"wp:term":[{"taxonomy":"category","embeddable":true,"href":"https:\/\/saskiagallery.fr\/index.php\/wp-json\/wp\/v2\/categories?post=4211"},{"taxonomy":"post_tag","embeddable":true,"href":"https:\/\/saskiagallery.fr\/index.php\/wp-json\/wp\/v2\/tags?post=4211"}],"curies":[{"name":"wp","href":"https:\/\/api.w.org\/{rel}","templated":true}]}}