{"id":7265,"date":"2024-02-22T09:29:41","date_gmt":"2024-02-22T08:29:41","guid":{"rendered":"https:\/\/saskiagallery.fr\/?p=7265"},"modified":"2024-02-23T16:48:50","modified_gmt":"2024-02-23T15:48:50","slug":"maria-helena-viera-da-silva-2","status":"publish","type":"post","link":"https:\/\/saskiagallery.fr\/index.php\/2024\/02\/22\/maria-helena-viera-da-silva-2\/","title":{"rendered":"Maria Helena VIERA DA SILVA"},"content":{"rendered":"\t\t<div data-elementor-type=\"wp-post\" data-elementor-id=\"7265\" class=\"elementor elementor-7265\" data-elementor-post-type=\"post\">\n\t\t\t\t\t\t<section data-particle_enable=\"false\" data-particle-mobile-disabled=\"false\" class=\"elementor-section elementor-top-section elementor-element elementor-element-5b39228 elementor-section-boxed elementor-section-height-default elementor-section-height-default\" data-id=\"5b39228\" data-element_type=\"section\" data-e-type=\"section\">\n\t\t\t\t\t\t<div class=\"elementor-container elementor-column-gap-default\">\n\t\t\t\t\t<div class=\"elementor-column elementor-col-100 elementor-top-column elementor-element elementor-element-4925ef6\" data-id=\"4925ef6\" data-element_type=\"column\" data-e-type=\"column\">\n\t\t\t<div class=\"elementor-widget-wrap elementor-element-populated\">\n\t\t\t\t\t\t<div class=\"elementor-element elementor-element-a22582d elementor-widget elementor-widget-menu-anchor\" data-id=\"a22582d\" data-element_type=\"widget\" data-e-type=\"widget\" data-widget_type=\"menu-anchor.default\">\n\t\t\t\t<div class=\"elementor-widget-container\">\n\t\t\t\t\t\t\t<div class=\"elementor-menu-anchor\" id=\"haut-page\"><\/div>\n\t\t\t\t\t\t<\/div>\n\t\t\t\t<\/div>\n\t\t\t\t\t<\/div>\n\t\t<\/div>\n\t\t\t\t\t<\/div>\n\t\t<\/section>\n\t\t\t\t<section data-particle_enable=\"false\" data-particle-mobile-disabled=\"false\" class=\"elementor-section elementor-top-section elementor-element elementor-element-89825ae elementor-section-boxed elementor-section-height-default elementor-section-height-default\" data-id=\"89825ae\" data-element_type=\"section\" data-e-type=\"section\">\n\t\t\t\t\t\t<div class=\"elementor-container elementor-column-gap-default\">\n\t\t\t\t\t<div class=\"elementor-column elementor-col-100 elementor-top-column elementor-element elementor-element-fd5d982\" data-id=\"fd5d982\" data-element_type=\"column\" data-e-type=\"column\">\n\t\t\t<div class=\"elementor-widget-wrap elementor-element-populated\">\n\t\t\t\t\t\t<div class=\"elementor-element elementor-element-2087600 elementor-fixed elementor-widget elementor-widget-image\" data-id=\"2087600\" data-element_type=\"widget\" data-e-type=\"widget\" data-settings=\"{&quot;_position&quot;:&quot;fixed&quot;}\" data-widget_type=\"image.default\">\n\t\t\t\t<div class=\"elementor-widget-container\">\n\t\t\t\t\t\t\t\t\t\t\t\t\t\t\t\t<a href=\"https:\/\/saskiagallery.fr\/index.php\/2024\/02\/22\/maria-helena-viera-da-silva\/\">\n\t\t\t\t\t\t\t<img decoding=\"async\" width=\"43\" height=\"43\" src=\"https:\/\/saskiagallery.fr\/wp-content\/uploads\/2022\/12\/fr_language.png\" class=\"attachment-full size-full wp-image-5564\" alt=\"\" \/>\t\t\t\t\t\t\t\t<\/a>\n\t\t\t\t\t\t\t\t\t\t\t\t\t\t\t<\/div>\n\t\t\t\t<\/div>\n\t\t\t\t\t<\/div>\n\t\t<\/div>\n\t\t\t\t\t<\/div>\n\t\t<\/section>\n\t\t\t\t<section data-particle_enable=\"false\" data-particle-mobile-disabled=\"false\" class=\"elementor-section elementor-top-section elementor-element elementor-element-77c87341 elementor-section-boxed elementor-section-height-default elementor-section-height-default\" data-id=\"77c87341\" data-element_type=\"section\" data-e-type=\"section\">\n\t\t\t\t\t\t<div class=\"elementor-container elementor-column-gap-default\">\n\t\t\t\t\t<div class=\"elementor-column elementor-col-50 elementor-top-column elementor-element elementor-element-382b58ae\" data-id=\"382b58ae\" data-element_type=\"column\" data-e-type=\"column\">\n\t\t\t<div class=\"elementor-widget-wrap elementor-element-populated\">\n\t\t\t\t\t\t<div class=\"elementor-element elementor-element-565fa43 elementor-widget elementor-widget-image\" data-id=\"565fa43\" data-element_type=\"widget\" data-e-type=\"widget\" data-widget_type=\"image.default\">\n\t\t\t\t<div class=\"elementor-widget-container\">\n\t\t\t\t\t\t\t\t\t\t\t\t\t\t\t<img fetchpriority=\"high\" decoding=\"async\" width=\"215\" height=\"290\" src=\"https:\/\/saskiagallery.fr\/wp-content\/uploads\/2024\/02\/viera-da-silva.jpg\" class=\"attachment-large size-large wp-image-7281\" alt=\"\" \/>\t\t\t\t\t\t\t\t\t\t\t\t\t\t\t<\/div>\n\t\t\t\t<\/div>\n\t\t\t\t<div class=\"elementor-element elementor-element-1b1b6c1 elementor-icon-list--layout-traditional elementor-list-item-link-full_width elementor-invisible elementor-widget elementor-widget-icon-list\" data-id=\"1b1b6c1\" data-element_type=\"widget\" data-e-type=\"widget\" data-settings=\"{&quot;_animation&quot;:&quot;fadeIn&quot;}\" data-widget_type=\"icon-list.default\">\n\t\t\t\t<div class=\"elementor-widget-container\">\n\t\t\t\t\t\t\t<ul class=\"elementor-icon-list-items\">\n\t\t\t\t\t\t\t<li class=\"elementor-icon-list-item\">\n\t\t\t\t\t\t\t\t\t\t\t<a href=\"https:\/\/saskiagallery.fr\/index.php\/gallery\/\">\n\n\t\t\t\t\t\t\t\t\t\t\t\t<span class=\"elementor-icon-list-icon\">\n\t\t\t\t\t\t\t<i aria-hidden=\"true\" class=\"far fa-arrow-alt-circle-right\"><\/i>\t\t\t\t\t\t<\/span>\n\t\t\t\t\t\t\t\t\t\t<span class=\"elementor-icon-list-text\">Gallery<\/span>\n\t\t\t\t\t\t\t\t\t\t\t<\/a>\n\t\t\t\t\t\t\t\t\t<\/li>\n\t\t\t\t\t\t<\/ul>\n\t\t\t\t\t\t<\/div>\n\t\t\t\t<\/div>\n\t\t\t\t<div class=\"elementor-element elementor-element-2584d1ef elementor-align-left elementor-widget elementor-widget-button\" data-id=\"2584d1ef\" data-element_type=\"widget\" data-e-type=\"widget\" data-widget_type=\"button.default\">\n\t\t\t\t<div class=\"elementor-widget-container\">\n\t\t\t\t\t\t\t\t\t<div class=\"elementor-button-wrapper\">\n\t\t\t\t\t<a class=\"elementor-button elementor-button-link elementor-size-sm\" href=\"https:\/\/saskiagallery.fr\/index.php\/artistes-2\/\">\n\t\t\t\t\t\t<span class=\"elementor-button-content-wrapper\">\n\t\t\t\t\t\t<span class=\"elementor-button-icon\">\n\t\t\t\t<svg xmlns=\"http:\/\/www.w3.org\/2000\/svg\" id=\"e1fe74b6-1a49-4362-ab7f-8fcea35a7e82\" data-name=\"Layer 1\" viewBox=\"0 0 29.994 21.4996\"><title>go-back-icon<\/title><path d=\"M29.244,10H2.684l9.5644-8.6948A.75.75,0,0,0,11.24.1944l-11,10c-.0094.0086-.0129.0206-.0217.03s-.0206.012-.0291.0213a.7046.7046,0,0,0-.0584.0979.7262.7262,0,0,0-.076.1272.7186.7186,0,0,0-.034.1389.4933.4933,0,0,0,0,.2808.72.72,0,0,0,.034.139.73.73,0,0,0,.076.1272.7094.7094,0,0,0,.0584.0978c.0082.009.02.0118.0284.02s.0127.0216.0224.03l11,10a.75.75,0,1,0,1.0088-1.1094L2.684,11.5h26.56a.75.75,0,0,0,0-1.5Z\"><\/path><\/svg>\t\t\t<\/span>\n\t\t\t\t\t\t\t\t\t<span class=\"elementor-button-text\">All our artists<\/span>\n\t\t\t\t\t<\/span>\n\t\t\t\t\t<\/a>\n\t\t\t\t<\/div>\n\t\t\t\t\t\t\t\t<\/div>\n\t\t\t\t<\/div>\n\t\t\t\t\t<\/div>\n\t\t<\/div>\n\t\t\t\t<div class=\"elementor-column elementor-col-50 elementor-top-column elementor-element elementor-element-377fb6cb\" data-id=\"377fb6cb\" data-element_type=\"column\" data-e-type=\"column\">\n\t\t\t<div class=\"elementor-widget-wrap elementor-element-populated\">\n\t\t\t\t\t\t<div class=\"elementor-element elementor-element-796b613 elementor-invisible elementor-widget elementor-widget-heading\" data-id=\"796b613\" data-element_type=\"widget\" data-e-type=\"widget\" data-settings=\"{&quot;_animation&quot;:&quot;fadeIn&quot;}\" data-widget_type=\"heading.default\">\n\t\t\t\t<div class=\"elementor-widget-container\">\n\t\t\t\t\t<h2 class=\"elementor-heading-title elementor-size-default\">Maria Helena VIERA DA SILVA<\/h2>\t\t\t\t<\/div>\n\t\t\t\t<\/div>\n\t\t\t\t<div class=\"elementor-element elementor-element-6876227d elementor-widget-divider--view-line elementor-invisible elementor-widget elementor-widget-divider\" data-id=\"6876227d\" data-element_type=\"widget\" data-e-type=\"widget\" data-settings=\"{&quot;_animation&quot;:&quot;fadeIn&quot;}\" data-widget_type=\"divider.default\">\n\t\t\t\t<div class=\"elementor-widget-container\">\n\t\t\t\t\t\t\t<div class=\"elementor-divider\">\n\t\t\t<span class=\"elementor-divider-separator\">\n\t\t\t\t\t\t<\/span>\n\t\t<\/div>\n\t\t\t\t\t\t<\/div>\n\t\t\t\t<\/div>\n\t\t\t\t<div class=\"elementor-element elementor-element-d8dce8f animated-slow elementor-invisible elementor-widget elementor-widget-text-editor\" data-id=\"d8dce8f\" data-element_type=\"widget\" data-e-type=\"widget\" data-settings=\"{&quot;_animation&quot;:&quot;fadeIn&quot;}\" data-widget_type=\"text-editor.default\">\n\t\t\t\t<div class=\"elementor-widget-container\">\n\t\t\t\t\t\t\t\t\t<p>| Painter of the Ecole de Paris, leading figure of \u00ab\u00a0abstract landscapes\u00a0\u00bb |<br \/>Lisbon, 1908 &#8211; Paris 1992<\/p>\t\t\t\t\t\t\t\t<\/div>\n\t\t\t\t<\/div>\n\t\t\t\t<div class=\"elementor-element elementor-element-509ef92d animated-slow elementor-invisible elementor-widget elementor-widget-text-editor\" data-id=\"509ef92d\" data-element_type=\"widget\" data-e-type=\"widget\" data-settings=\"{&quot;_animation&quot;:&quot;fadeIn&quot;}\" data-widget_type=\"text-editor.default\">\n\t\t\t\t<div class=\"elementor-widget-container\">\n\t\t\t\t\t\t\t\t\t<p style=\"text-align: justify;\">We open our collection and our pages to the works of Vieira da Silva, to the beauty of her proposals, to the signs of a rare freedom that she discreetly addresses to us, and finally to her techniques.<\/p><p style=\"text-align: justify;\">From her proposals, we retain her reversal of the elements of the world, sensed not from here, from our lighting, but from within them, or from an inside that would look at them to assure us that indeed and in concert, they are looking at us.<\/p><p style=\"text-align: justify;\">Da Silva has engraved extensively, with precision, burin, aquatint&#8230; His lithographs, in particular, seem to transcend the paintings that precede them, seeming to find in them confirmation of their recommencements.<\/p><p style=\"text-align: justify;\">Then there are his chemins vicinaux, mosaics and children&rsquo;s books in particular, such as K\u00f4 &amp; K\u00f4 les deux esquimaux, published in 1933 by Galerie Jeanne-Bucher, where such freedom shines through! <br \/><br \/>This artist&rsquo;s landscapes are multi-faceted, allowing us to glimpse their combinations. So it&rsquo;s with pleasure that we enter.<\/p>\t\t\t\t\t\t\t\t<\/div>\n\t\t\t\t<\/div>\n\t\t\t\t<div class=\"elementor-element elementor-element-64aa3d4 elementor-widget elementor-widget-text-editor\" data-id=\"64aa3d4\" data-element_type=\"widget\" data-e-type=\"widget\" data-widget_type=\"text-editor.default\">\n\t\t\t\t<div class=\"elementor-widget-container\">\n\t\t\t\t\t\t\t\t\t<h5>Elements of a biography<\/h5><ul><li>1919 | Begins training at the Lisbon School of Fine Arts, drawing and painting section.<\/li><li>1928-30 | Moves to Paris. Studies at the Grande Chaumi\u00e8re, under Fernand L\u00e9ger (painting), Antoine Bourdelle (sculpture), Stanley Hayter and Johnny Friedlaender (engraving). First solo exhibition.<\/li><li>1947 | After stays in Lisbon and Brazil, settles permanently in Paris, and from<\/li><li>1951 | paints several major works, including \u00ab\u00a0Int\u00e9rieur rouge\u00a0\u00bb, in which the chromatic simplifications of post-Cubism and azulejos converge, under the decisive influence of the work of Paul C\u00e9zanne.<\/li><li>1958 | Acquires international renown.<\/li><\/ul>\t\t\t\t\t\t\t\t<\/div>\n\t\t\t\t<\/div>\n\t\t\t\t<div class=\"elementor-element elementor-element-5ec85d4 elementor-widget elementor-widget-text-editor\" data-id=\"5ec85d4\" data-element_type=\"widget\" data-e-type=\"widget\" data-widget_type=\"text-editor.default\">\n\t\t\t\t<div class=\"elementor-widget-container\">\n\t\t\t\t\t\t\t\t\t<h5>Main exhibitions<\/h5><ul><li>1932 | Gallery owner Jeanne Bucher sells one of his works to the Museum of Modern Art in New York. The following year, organizes his first solo exhibition.<\/li><li>1950-57 | Exhibitions: galerie-librairie La Hune, Paris; galerie Blanche, Stockholm.<\/li><li>1958 | First retrospective, Kestner Gesellschaft, Hanover, Germany, then Kunsthalle, Bremen.<\/li><li>1961-1969 | S\u00e3o Paulo Biennale. Knoedler Gallery (Guy Weelen catalog), New York. Phillips Art Gallery, Washington DC<\/li><li>1970 | Retrospectives, Mus\u00e9e National d&rsquo;Art Moderne, Paris; then, in 1977, Mus\u00e9e d&rsquo;Art Moderne de la Ville de Paris.<\/li><li>1988-1991 | Grand Palais, Paris. Solo exhibition. Retrospectives: Gulbenkian Museum, Lisbon. Then Juan March Foundation, Madrid.<\/li><li>1991-2005 | Presence in major collections: Museum of Modern Art, New York. Solomon R. Guggenheim Museum, New York. Tate, London. Stedelijk Museum, Amsterdam. Center Georges Pompidou, Paris.<\/li><li>2006 | Mus\u00e9e du Luxembourg (S\u00e9nat), Paris, featuring \u00ab\u00a0La Ville de Sindb\u00e2d\u00a0\u00bb,<\/li><li>1950 | \u00ab\u00a0The Port\u00a0\u00bb, 1953 (from the Cologne Museum). \u00ab\u00a0Composition 1955\u00a0\u00bb.<\/li><li>2022 | Mus\u00e9e Cantini, Marseille. \u00ab\u00a0Vieira da Silva, l&rsquo;oeil du labyrinthe\u00a0\u00bb.<\/li><\/ul>\t\t\t\t\t\t\t\t<\/div>\n\t\t\t\t<\/div>\n\t\t\t\t<div class=\"elementor-element elementor-element-96c4c47 elementor-widget elementor-widget-text-editor\" data-id=\"96c4c47\" data-element_type=\"widget\" data-e-type=\"widget\" data-widget_type=\"text-editor.default\">\n\t\t\t\t<div class=\"elementor-widget-container\">\n\t\t\t\t\t\t\t\t\t<p style=\"text-align: left;\" align=\"center\"><strong>Four-handed works<\/strong><\/p><ul><li>Ren\u00e9 Char &#8211; L&rsquo;Incl\u00e9mence lointaine. 25 burins. Pierre Ber\u00e8s \u00e9diteur, 1961. Exhibitions: New York, Washington, Gravura Gallery, Lisbon, then Bezalel Museum, Jerusalem, 1963.<\/li><li>Plato &#8211; The Banquet (translation by Pierre Boutang). Hermann ed., Paris, 1972.<\/li><li>Andr\u00e9 Malraux &#8211; The Coming One. An engraved portrait of the author. Editions Stock, 1974.<\/li><li>Ren\u00e9 Char &#8211; Seven portraits. 7 aquatints in sugar drawn by Claude Manesse ed.<br \/>L\u00e9opold S\u00e9dar Senghor &#8211; Elegy for Philippe-Maguilen Senghor (&#8230;). 3 engravings. Jeanne Bucher ed. 1986.<\/li><\/ul>\t\t\t\t\t\t\t\t<\/div>\n\t\t\t\t<\/div>\n\t\t\t\t\t<\/div>\n\t\t<\/div>\n\t\t\t\t\t<\/div>\n\t\t<\/section>\n\t\t\t\t<section data-particle_enable=\"false\" data-particle-mobile-disabled=\"false\" class=\"elementor-section elementor-top-section elementor-element elementor-element-04717aa elementor-section-boxed elementor-section-height-default elementor-section-height-default\" data-id=\"04717aa\" data-element_type=\"section\" data-e-type=\"section\">\n\t\t\t\t\t\t<div class=\"elementor-container elementor-column-gap-default\">\n\t\t\t\t\t<div class=\"elementor-column elementor-col-100 elementor-top-column elementor-element elementor-element-ec559da\" data-id=\"ec559da\" data-element_type=\"column\" data-e-type=\"column\">\n\t\t\t<div class=\"elementor-widget-wrap elementor-element-populated\">\n\t\t\t\t\t\t<div class=\"elementor-element elementor-element-06f8bbd elementor-view-default elementor-widget elementor-widget-icon\" data-id=\"06f8bbd\" data-element_type=\"widget\" data-e-type=\"widget\" data-widget_type=\"icon.default\">\n\t\t\t\t<div class=\"elementor-widget-container\">\n\t\t\t\t\t\t\t<div class=\"elementor-icon-wrapper\">\n\t\t\t<a class=\"elementor-icon\" href=\"#haut-page\">\n\t\t\t<i aria-hidden=\"true\" class=\"fas fa-arrow-up\"><\/i>\t\t\t<\/a>\n\t\t<\/div>\n\t\t\t\t\t\t<\/div>\n\t\t\t\t<\/div>\n\t\t\t\t\t<\/div>\n\t\t<\/div>\n\t\t\t\t\t<\/div>\n\t\t<\/section>\n\t\t\t\t<\/div>\n\t\t","protected":false},"excerpt":{"rendered":"<p>Gallery go-back-icon All our artists Maria Helena VIERA DA SILVA | Painter of the Ecole de Paris, leading figure of \u00ab\u00a0abstract landscapes\u00a0\u00bb |Lisbon, 1908 &#8211; Paris 1992 We open our collection and our pages to the works of Vieira da Silva, to the beauty of her proposals, to the signs of a rare freedom that&hellip;&nbsp;<a href=\"https:\/\/saskiagallery.fr\/index.php\/2024\/02\/22\/maria-helena-viera-da-silva-2\/\" class=\"\" rel=\"bookmark\">Lire la suite &raquo;<span class=\"screen-reader-text\">Maria Helena VIERA DA SILVA<\/span><\/a><\/p>\n","protected":false},"author":2,"featured_media":7281,"comment_status":"closed","ping_status":"open","sticky":false,"template":"elementor_header_footer","format":"standard","meta":{"_uf_show_specific_survey":0,"_uf_disable_surveys":false,"neve_meta_sidebar":"","neve_meta_container":"","neve_meta_enable_content_width":"","neve_meta_content_width":0,"neve_meta_title_alignment":"","neve_meta_author_avatar":"","neve_post_elements_order":"","neve_meta_disable_header":"","neve_meta_disable_footer":"","neve_meta_disable_title":"","_jetpack_memberships_contains_paid_content":false,"footnotes":""},"categories":[888],"tags":[],"class_list":["post-7265","post","type-post","status-publish","format-standard","has-post-thumbnail","hentry","category-meet"],"yoast_head":"<!-- This site is optimized with the Yoast SEO plugin v27.5 - https:\/\/yoast.com\/product\/yoast-seo-wordpress\/ -->\n<title>Maria Helena VIERA DA SILVA - Saskia Gallery<\/title>\n<meta name=\"robots\" content=\"index, follow, max-snippet:-1, max-image-preview:large, max-video-preview:-1\" \/>\n<link rel=\"canonical\" href=\"https:\/\/saskiagallery.fr\/index.php\/2024\/02\/22\/maria-helena-viera-da-silva-2\/\" \/>\n<meta property=\"og:locale\" content=\"fr_FR\" \/>\n<meta property=\"og:type\" content=\"article\" \/>\n<meta property=\"og:title\" content=\"Maria Helena VIERA DA SILVA - Saskia Gallery\" \/>\n<meta property=\"og:description\" content=\"Gallery go-back-icon All our artists Maria Helena VIERA DA SILVA | Painter of the Ecole de Paris, leading figure of \u00ab\u00a0abstract landscapes\u00a0\u00bb |Lisbon, 1908 &#8211; Paris 1992 We open our collection and our pages to the works of Vieira da Silva, to the beauty of her proposals, to the signs of a rare freedom that&hellip;&nbsp;Lire la suite &raquo;Maria Helena VIERA DA SILVA\" \/>\n<meta property=\"og:url\" content=\"https:\/\/saskiagallery.fr\/index.php\/2024\/02\/22\/maria-helena-viera-da-silva-2\/\" \/>\n<meta property=\"og:site_name\" content=\"Saskia Gallery\" \/>\n<meta property=\"article:published_time\" content=\"2024-02-22T08:29:41+00:00\" \/>\n<meta property=\"article:modified_time\" content=\"2024-02-23T15:48:50+00:00\" \/>\n<meta property=\"og:image\" content=\"https:\/\/saskiagallery.fr\/wp-content\/uploads\/2024\/02\/viera-da-silva.jpg\" \/>\n\t<meta property=\"og:image:width\" content=\"215\" \/>\n\t<meta property=\"og:image:height\" content=\"290\" \/>\n\t<meta property=\"og:image:type\" content=\"image\/jpeg\" \/>\n<meta name=\"author\" content=\"Pascal MARETS\" \/>\n<meta name=\"twitter:card\" content=\"summary_large_image\" \/>\n<meta name=\"twitter:label1\" content=\"\u00c9crit par\" \/>\n\t<meta name=\"twitter:data1\" content=\"Pascal MARETS\" \/>\n\t<meta name=\"twitter:label2\" content=\"Dur\u00e9e de lecture estim\u00e9e\" \/>\n\t<meta name=\"twitter:data2\" content=\"4 minutes\" \/>\n<script type=\"application\/ld+json\" class=\"yoast-schema-graph\">{\"@context\":\"https:\\\/\\\/schema.org\",\"@graph\":[{\"@type\":\"Article\",\"@id\":\"https:\\\/\\\/saskiagallery.fr\\\/index.php\\\/2024\\\/02\\\/22\\\/maria-helena-viera-da-silva-2\\\/#article\",\"isPartOf\":{\"@id\":\"https:\\\/\\\/saskiagallery.fr\\\/index.php\\\/2024\\\/02\\\/22\\\/maria-helena-viera-da-silva-2\\\/\"},\"author\":{\"name\":\"Pascal MARETS\",\"@id\":\"https:\\\/\\\/saskiagallery.fr\\\/#\\\/schema\\\/person\\\/a579a20dc36e110ff132d139f34963a0\"},\"headline\":\"Maria Helena VIERA DA SILVA\",\"datePublished\":\"2024-02-22T08:29:41+00:00\",\"dateModified\":\"2024-02-23T15:48:50+00:00\",\"mainEntityOfPage\":{\"@id\":\"https:\\\/\\\/saskiagallery.fr\\\/index.php\\\/2024\\\/02\\\/22\\\/maria-helena-viera-da-silva-2\\\/\"},\"wordCount\":507,\"publisher\":{\"@id\":\"https:\\\/\\\/saskiagallery.fr\\\/#organization\"},\"image\":{\"@id\":\"https:\\\/\\\/saskiagallery.fr\\\/index.php\\\/2024\\\/02\\\/22\\\/maria-helena-viera-da-silva-2\\\/#primaryimage\"},\"thumbnailUrl\":\"https:\\\/\\\/saskiagallery.fr\\\/wp-content\\\/uploads\\\/2024\\\/02\\\/viera-da-silva.jpg\",\"articleSection\":[\"Meets\"],\"inLanguage\":\"fr-FR\"},{\"@type\":\"WebPage\",\"@id\":\"https:\\\/\\\/saskiagallery.fr\\\/index.php\\\/2024\\\/02\\\/22\\\/maria-helena-viera-da-silva-2\\\/\",\"url\":\"https:\\\/\\\/saskiagallery.fr\\\/index.php\\\/2024\\\/02\\\/22\\\/maria-helena-viera-da-silva-2\\\/\",\"name\":\"Maria Helena VIERA DA SILVA - Saskia Gallery\",\"isPartOf\":{\"@id\":\"https:\\\/\\\/saskiagallery.fr\\\/#website\"},\"primaryImageOfPage\":{\"@id\":\"https:\\\/\\\/saskiagallery.fr\\\/index.php\\\/2024\\\/02\\\/22\\\/maria-helena-viera-da-silva-2\\\/#primaryimage\"},\"image\":{\"@id\":\"https:\\\/\\\/saskiagallery.fr\\\/index.php\\\/2024\\\/02\\\/22\\\/maria-helena-viera-da-silva-2\\\/#primaryimage\"},\"thumbnailUrl\":\"https:\\\/\\\/saskiagallery.fr\\\/wp-content\\\/uploads\\\/2024\\\/02\\\/viera-da-silva.jpg\",\"datePublished\":\"2024-02-22T08:29:41+00:00\",\"dateModified\":\"2024-02-23T15:48:50+00:00\",\"breadcrumb\":{\"@id\":\"https:\\\/\\\/saskiagallery.fr\\\/index.php\\\/2024\\\/02\\\/22\\\/maria-helena-viera-da-silva-2\\\/#breadcrumb\"},\"inLanguage\":\"fr-FR\",\"potentialAction\":[{\"@type\":\"ReadAction\",\"target\":[\"https:\\\/\\\/saskiagallery.fr\\\/index.php\\\/2024\\\/02\\\/22\\\/maria-helena-viera-da-silva-2\\\/\"]}]},{\"@type\":\"ImageObject\",\"inLanguage\":\"fr-FR\",\"@id\":\"https:\\\/\\\/saskiagallery.fr\\\/index.php\\\/2024\\\/02\\\/22\\\/maria-helena-viera-da-silva-2\\\/#primaryimage\",\"url\":\"https:\\\/\\\/saskiagallery.fr\\\/wp-content\\\/uploads\\\/2024\\\/02\\\/viera-da-silva.jpg\",\"contentUrl\":\"https:\\\/\\\/saskiagallery.fr\\\/wp-content\\\/uploads\\\/2024\\\/02\\\/viera-da-silva.jpg\",\"width\":215,\"height\":290},{\"@type\":\"BreadcrumbList\",\"@id\":\"https:\\\/\\\/saskiagallery.fr\\\/index.php\\\/2024\\\/02\\\/22\\\/maria-helena-viera-da-silva-2\\\/#breadcrumb\",\"itemListElement\":[{\"@type\":\"ListItem\",\"position\":1,\"name\":\"Accueil\",\"item\":\"https:\\\/\\\/saskiagallery.fr\\\/\"},{\"@type\":\"ListItem\",\"position\":2,\"name\":\"Maria Helena VIERA DA SILVA\"}]},{\"@type\":\"WebSite\",\"@id\":\"https:\\\/\\\/saskiagallery.fr\\\/#website\",\"url\":\"https:\\\/\\\/saskiagallery.fr\\\/\",\"name\":\"Saskia Gallery\",\"description\":\"Galerie d&#039;artistes contemporains - Vente en ligne\",\"publisher\":{\"@id\":\"https:\\\/\\\/saskiagallery.fr\\\/#organization\"},\"potentialAction\":[{\"@type\":\"SearchAction\",\"target\":{\"@type\":\"EntryPoint\",\"urlTemplate\":\"https:\\\/\\\/saskiagallery.fr\\\/?s={search_term_string}\"},\"query-input\":{\"@type\":\"PropertyValueSpecification\",\"valueRequired\":true,\"valueName\":\"search_term_string\"}}],\"inLanguage\":\"fr-FR\"},{\"@type\":\"Organization\",\"@id\":\"https:\\\/\\\/saskiagallery.fr\\\/#organization\",\"name\":\"Saskia Gallery PARIS\",\"url\":\"https:\\\/\\\/saskiagallery.fr\\\/\",\"logo\":{\"@type\":\"ImageObject\",\"inLanguage\":\"fr-FR\",\"@id\":\"https:\\\/\\\/saskiagallery.fr\\\/#\\\/schema\\\/logo\\\/image\\\/\",\"url\":\"https:\\\/\\\/i0.wp.com\\\/saskiagallery.fr\\\/wp-content\\\/uploads\\\/2022\\\/02\\\/logo_saskiagallerygd.jpg?fit=575%2C188&ssl=1\",\"contentUrl\":\"https:\\\/\\\/i0.wp.com\\\/saskiagallery.fr\\\/wp-content\\\/uploads\\\/2022\\\/02\\\/logo_saskiagallerygd.jpg?fit=575%2C188&ssl=1\",\"width\":575,\"height\":188,\"caption\":\"Saskia Gallery PARIS\"},\"image\":{\"@id\":\"https:\\\/\\\/saskiagallery.fr\\\/#\\\/schema\\\/logo\\\/image\\\/\"}},{\"@type\":\"Person\",\"@id\":\"https:\\\/\\\/saskiagallery.fr\\\/#\\\/schema\\\/person\\\/a579a20dc36e110ff132d139f34963a0\",\"name\":\"Pascal MARETS\",\"image\":{\"@type\":\"ImageObject\",\"inLanguage\":\"fr-FR\",\"@id\":\"https:\\\/\\\/secure.gravatar.com\\\/avatar\\\/e3fbb13ef978f5b7ae9c9a70c4a973c677718f4e599b358385e47a270862c815?s=96&r=g\",\"url\":\"https:\\\/\\\/secure.gravatar.com\\\/avatar\\\/e3fbb13ef978f5b7ae9c9a70c4a973c677718f4e599b358385e47a270862c815?s=96&r=g\",\"contentUrl\":\"https:\\\/\\\/secure.gravatar.com\\\/avatar\\\/e3fbb13ef978f5b7ae9c9a70c4a973c677718f4e599b358385e47a270862c815?s=96&r=g\",\"caption\":\"Pascal MARETS\"},\"url\":\"https:\\\/\\\/saskiagallery.fr\\\/index.php\\\/author\\\/mastersaskia\\\/\"}]}<\/script>\n<!-- \/ Yoast SEO plugin. -->","yoast_head_json":{"title":"Maria Helena VIERA DA SILVA - Saskia Gallery","robots":{"index":"index","follow":"follow","max-snippet":"max-snippet:-1","max-image-preview":"max-image-preview:large","max-video-preview":"max-video-preview:-1"},"canonical":"https:\/\/saskiagallery.fr\/index.php\/2024\/02\/22\/maria-helena-viera-da-silva-2\/","og_locale":"fr_FR","og_type":"article","og_title":"Maria Helena VIERA DA SILVA - Saskia Gallery","og_description":"Gallery go-back-icon All our artists Maria Helena VIERA DA SILVA | Painter of the Ecole de Paris, leading figure of \u00ab\u00a0abstract landscapes\u00a0\u00bb |Lisbon, 1908 &#8211; Paris 1992 We open our collection and our pages to the works of Vieira da Silva, to the beauty of her proposals, to the signs of a rare freedom that&hellip;&nbsp;Lire la suite &raquo;Maria Helena VIERA DA SILVA","og_url":"https:\/\/saskiagallery.fr\/index.php\/2024\/02\/22\/maria-helena-viera-da-silva-2\/","og_site_name":"Saskia Gallery","article_published_time":"2024-02-22T08:29:41+00:00","article_modified_time":"2024-02-23T15:48:50+00:00","og_image":[{"width":215,"height":290,"url":"https:\/\/saskiagallery.fr\/wp-content\/uploads\/2024\/02\/viera-da-silva.jpg","type":"image\/jpeg"}],"author":"Pascal MARETS","twitter_card":"summary_large_image","twitter_misc":{"\u00c9crit par":"Pascal MARETS","Dur\u00e9e de lecture estim\u00e9e":"4 minutes"},"schema":{"@context":"https:\/\/schema.org","@graph":[{"@type":"Article","@id":"https:\/\/saskiagallery.fr\/index.php\/2024\/02\/22\/maria-helena-viera-da-silva-2\/#article","isPartOf":{"@id":"https:\/\/saskiagallery.fr\/index.php\/2024\/02\/22\/maria-helena-viera-da-silva-2\/"},"author":{"name":"Pascal MARETS","@id":"https:\/\/saskiagallery.fr\/#\/schema\/person\/a579a20dc36e110ff132d139f34963a0"},"headline":"Maria Helena VIERA DA SILVA","datePublished":"2024-02-22T08:29:41+00:00","dateModified":"2024-02-23T15:48:50+00:00","mainEntityOfPage":{"@id":"https:\/\/saskiagallery.fr\/index.php\/2024\/02\/22\/maria-helena-viera-da-silva-2\/"},"wordCount":507,"publisher":{"@id":"https:\/\/saskiagallery.fr\/#organization"},"image":{"@id":"https:\/\/saskiagallery.fr\/index.php\/2024\/02\/22\/maria-helena-viera-da-silva-2\/#primaryimage"},"thumbnailUrl":"https:\/\/saskiagallery.fr\/wp-content\/uploads\/2024\/02\/viera-da-silva.jpg","articleSection":["Meets"],"inLanguage":"fr-FR"},{"@type":"WebPage","@id":"https:\/\/saskiagallery.fr\/index.php\/2024\/02\/22\/maria-helena-viera-da-silva-2\/","url":"https:\/\/saskiagallery.fr\/index.php\/2024\/02\/22\/maria-helena-viera-da-silva-2\/","name":"Maria Helena VIERA DA SILVA - Saskia Gallery","isPartOf":{"@id":"https:\/\/saskiagallery.fr\/#website"},"primaryImageOfPage":{"@id":"https:\/\/saskiagallery.fr\/index.php\/2024\/02\/22\/maria-helena-viera-da-silva-2\/#primaryimage"},"image":{"@id":"https:\/\/saskiagallery.fr\/index.php\/2024\/02\/22\/maria-helena-viera-da-silva-2\/#primaryimage"},"thumbnailUrl":"https:\/\/saskiagallery.fr\/wp-content\/uploads\/2024\/02\/viera-da-silva.jpg","datePublished":"2024-02-22T08:29:41+00:00","dateModified":"2024-02-23T15:48:50+00:00","breadcrumb":{"@id":"https:\/\/saskiagallery.fr\/index.php\/2024\/02\/22\/maria-helena-viera-da-silva-2\/#breadcrumb"},"inLanguage":"fr-FR","potentialAction":[{"@type":"ReadAction","target":["https:\/\/saskiagallery.fr\/index.php\/2024\/02\/22\/maria-helena-viera-da-silva-2\/"]}]},{"@type":"ImageObject","inLanguage":"fr-FR","@id":"https:\/\/saskiagallery.fr\/index.php\/2024\/02\/22\/maria-helena-viera-da-silva-2\/#primaryimage","url":"https:\/\/saskiagallery.fr\/wp-content\/uploads\/2024\/02\/viera-da-silva.jpg","contentUrl":"https:\/\/saskiagallery.fr\/wp-content\/uploads\/2024\/02\/viera-da-silva.jpg","width":215,"height":290},{"@type":"BreadcrumbList","@id":"https:\/\/saskiagallery.fr\/index.php\/2024\/02\/22\/maria-helena-viera-da-silva-2\/#breadcrumb","itemListElement":[{"@type":"ListItem","position":1,"name":"Accueil","item":"https:\/\/saskiagallery.fr\/"},{"@type":"ListItem","position":2,"name":"Maria Helena VIERA DA SILVA"}]},{"@type":"WebSite","@id":"https:\/\/saskiagallery.fr\/#website","url":"https:\/\/saskiagallery.fr\/","name":"Saskia Gallery","description":"Galerie d&#039;artistes contemporains - Vente en ligne","publisher":{"@id":"https:\/\/saskiagallery.fr\/#organization"},"potentialAction":[{"@type":"SearchAction","target":{"@type":"EntryPoint","urlTemplate":"https:\/\/saskiagallery.fr\/?s={search_term_string}"},"query-input":{"@type":"PropertyValueSpecification","valueRequired":true,"valueName":"search_term_string"}}],"inLanguage":"fr-FR"},{"@type":"Organization","@id":"https:\/\/saskiagallery.fr\/#organization","name":"Saskia Gallery PARIS","url":"https:\/\/saskiagallery.fr\/","logo":{"@type":"ImageObject","inLanguage":"fr-FR","@id":"https:\/\/saskiagallery.fr\/#\/schema\/logo\/image\/","url":"https:\/\/i0.wp.com\/saskiagallery.fr\/wp-content\/uploads\/2022\/02\/logo_saskiagallerygd.jpg?fit=575%2C188&ssl=1","contentUrl":"https:\/\/i0.wp.com\/saskiagallery.fr\/wp-content\/uploads\/2022\/02\/logo_saskiagallerygd.jpg?fit=575%2C188&ssl=1","width":575,"height":188,"caption":"Saskia Gallery PARIS"},"image":{"@id":"https:\/\/saskiagallery.fr\/#\/schema\/logo\/image\/"}},{"@type":"Person","@id":"https:\/\/saskiagallery.fr\/#\/schema\/person\/a579a20dc36e110ff132d139f34963a0","name":"Pascal MARETS","image":{"@type":"ImageObject","inLanguage":"fr-FR","@id":"https:\/\/secure.gravatar.com\/avatar\/e3fbb13ef978f5b7ae9c9a70c4a973c677718f4e599b358385e47a270862c815?s=96&r=g","url":"https:\/\/secure.gravatar.com\/avatar\/e3fbb13ef978f5b7ae9c9a70c4a973c677718f4e599b358385e47a270862c815?s=96&r=g","contentUrl":"https:\/\/secure.gravatar.com\/avatar\/e3fbb13ef978f5b7ae9c9a70c4a973c677718f4e599b358385e47a270862c815?s=96&r=g","caption":"Pascal MARETS"},"url":"https:\/\/saskiagallery.fr\/index.php\/author\/mastersaskia\/"}]}},"jetpack_featured_media_url":"https:\/\/saskiagallery.fr\/wp-content\/uploads\/2024\/02\/viera-da-silva.jpg","jetpack_sharing_enabled":true,"_links":{"self":[{"href":"https:\/\/saskiagallery.fr\/index.php\/wp-json\/wp\/v2\/posts\/7265","targetHints":{"allow":["GET"]}}],"collection":[{"href":"https:\/\/saskiagallery.fr\/index.php\/wp-json\/wp\/v2\/posts"}],"about":[{"href":"https:\/\/saskiagallery.fr\/index.php\/wp-json\/wp\/v2\/types\/post"}],"author":[{"embeddable":true,"href":"https:\/\/saskiagallery.fr\/index.php\/wp-json\/wp\/v2\/users\/2"}],"replies":[{"embeddable":true,"href":"https:\/\/saskiagallery.fr\/index.php\/wp-json\/wp\/v2\/comments?post=7265"}],"version-history":[{"count":9,"href":"https:\/\/saskiagallery.fr\/index.php\/wp-json\/wp\/v2\/posts\/7265\/revisions"}],"predecessor-version":[{"id":7293,"href":"https:\/\/saskiagallery.fr\/index.php\/wp-json\/wp\/v2\/posts\/7265\/revisions\/7293"}],"wp:featuredmedia":[{"embeddable":true,"href":"https:\/\/saskiagallery.fr\/index.php\/wp-json\/wp\/v2\/media\/7281"}],"wp:attachment":[{"href":"https:\/\/saskiagallery.fr\/index.php\/wp-json\/wp\/v2\/media?parent=7265"}],"wp:term":[{"taxonomy":"category","embeddable":true,"href":"https:\/\/saskiagallery.fr\/index.php\/wp-json\/wp\/v2\/categories?post=7265"},{"taxonomy":"post_tag","embeddable":true,"href":"https:\/\/saskiagallery.fr\/index.php\/wp-json\/wp\/v2\/tags?post=7265"}],"curies":[{"name":"wp","href":"https:\/\/api.w.org\/{rel}","templated":true}]}}