{"id":7937,"date":"2025-03-18T10:20:09","date_gmt":"2025-03-18T09:20:09","guid":{"rendered":"https:\/\/saskiagallery.fr\/?p=7937"},"modified":"2025-12-03T10:33:48","modified_gmt":"2025-12-03T09:33:48","slug":"robert-clevier-2025-au-ferret-aux-bords","status":"publish","type":"post","link":"https:\/\/saskiagallery.fr\/index.php\/2025\/03\/18\/robert-clevier-2025-au-ferret-aux-bords\/","title":{"rendered":"Robert CLEVIER &#8211; 2025 &#8211; \u00ab\u00a0Au Ferret, aux bords\u00a0\u00bb"},"content":{"rendered":"\t\t<div data-elementor-type=\"wp-post\" data-elementor-id=\"7937\" class=\"elementor elementor-7937\" data-elementor-post-type=\"post\">\n\t\t\t\t\t\t<section data-particle_enable=\"false\" data-particle-mobile-disabled=\"false\" class=\"elementor-section elementor-top-section elementor-element elementor-element-418b169 elementor-section-boxed elementor-section-height-default elementor-section-height-default\" data-id=\"418b169\" data-element_type=\"section\" data-e-type=\"section\">\n\t\t\t\t\t\t<div class=\"elementor-container elementor-column-gap-default\">\n\t\t\t\t\t<div class=\"elementor-column elementor-col-100 elementor-top-column elementor-element elementor-element-2b8f50a\" data-id=\"2b8f50a\" data-element_type=\"column\" data-e-type=\"column\">\n\t\t\t<div class=\"elementor-widget-wrap elementor-element-populated\">\n\t\t\t\t\t\t<div class=\"elementor-element elementor-element-f90e1bc elementor-fixed elementor-widget elementor-widget-image\" data-id=\"f90e1bc\" data-element_type=\"widget\" data-e-type=\"widget\" data-settings=\"{&quot;_position&quot;:&quot;fixed&quot;}\" data-widget_type=\"image.default\">\n\t\t\t\t<div class=\"elementor-widget-container\">\n\t\t\t\t\t\t\t\t\t\t\t\t\t\t\t\t<a href=\"https:\/\/saskiagallery.fr\/index.php\/2025\/03\/18\/robert-clevier-2025-au-ferret-aux-bords-2\/\">\n\t\t\t\t\t\t\t<img decoding=\"async\" width=\"43\" height=\"43\" src=\"https:\/\/saskiagallery.fr\/wp-content\/uploads\/2022\/12\/en_language.png\" class=\"attachment-full size-full wp-image-5563\" alt=\"\" \/>\t\t\t\t\t\t\t\t<\/a>\n\t\t\t\t\t\t\t\t\t\t\t\t\t\t\t<\/div>\n\t\t\t\t<\/div>\n\t\t\t\t\t<\/div>\n\t\t<\/div>\n\t\t\t\t\t<\/div>\n\t\t<\/section>\n\t\t\t\t<section data-particle_enable=\"false\" data-particle-mobile-disabled=\"false\" class=\"elementor-section elementor-top-section elementor-element elementor-element-0adb4a1 elementor-section-boxed elementor-section-height-default elementor-section-height-default\" data-id=\"0adb4a1\" data-element_type=\"section\" data-e-type=\"section\">\n\t\t\t\t\t\t<div class=\"elementor-container elementor-column-gap-default\">\n\t\t\t\t\t<div class=\"elementor-column elementor-col-100 elementor-top-column elementor-element elementor-element-dc266ae\" data-id=\"dc266ae\" data-element_type=\"column\" data-e-type=\"column\">\n\t\t\t<div class=\"elementor-widget-wrap elementor-element-populated\">\n\t\t\t\t\t\t<div class=\"elementor-element elementor-element-47834c5 animated-slow elementor-invisible elementor-widget elementor-widget-heading\" data-id=\"47834c5\" data-element_type=\"widget\" data-e-type=\"widget\" data-settings=\"{&quot;_animation&quot;:&quot;fadeInLeft&quot;}\" data-widget_type=\"heading.default\">\n\t\t\t\t<div class=\"elementor-widget-container\">\n\t\t\t\t\t<h2 class=\"elementor-heading-title elementor-size-default\">Robert CLEVIER - 2025 - \" Au Ferret, aux bords \"<\/h2>\t\t\t\t<\/div>\n\t\t\t\t<\/div>\n\t\t\t\t<div class=\"elementor-element elementor-element-6d5a172 elementor-widget-divider--view-line elementor-invisible elementor-widget elementor-widget-divider\" data-id=\"6d5a172\" data-element_type=\"widget\" data-e-type=\"widget\" data-settings=\"{&quot;_animation&quot;:&quot;fadeInLeft&quot;}\" data-widget_type=\"divider.default\">\n\t\t\t\t<div class=\"elementor-widget-container\">\n\t\t\t\t\t\t\t<div class=\"elementor-divider\">\n\t\t\t<span class=\"elementor-divider-separator\">\n\t\t\t\t\t\t<\/span>\n\t\t<\/div>\n\t\t\t\t\t\t<\/div>\n\t\t\t\t<\/div>\n\t\t\t\t<div class=\"elementor-element elementor-element-c129bd2 elementor-icon-list--layout-traditional elementor-list-item-link-full_width elementor-invisible elementor-widget elementor-widget-icon-list\" data-id=\"c129bd2\" data-element_type=\"widget\" data-e-type=\"widget\" data-settings=\"{&quot;_animation&quot;:&quot;fadeIn&quot;}\" data-widget_type=\"icon-list.default\">\n\t\t\t\t<div class=\"elementor-widget-container\">\n\t\t\t\t\t\t\t<ul class=\"elementor-icon-list-items\">\n\t\t\t\t\t\t\t<li class=\"elementor-icon-list-item\">\n\t\t\t\t\t\t\t\t\t\t\t<a href=\"https:\/\/saskiagallery.fr\/index.php\/2022\/09\/08\/robert-clevier\/\">\n\n\t\t\t\t\t\t\t\t\t\t\t\t<span class=\"elementor-icon-list-icon\">\n\t\t\t\t\t\t\t<i aria-hidden=\"true\" class=\"fas fa-arrow-right\"><\/i>\t\t\t\t\t\t<\/span>\n\t\t\t\t\t\t\t\t\t\t<span class=\"elementor-icon-list-text\">Biographie<\/span>\n\t\t\t\t\t\t\t\t\t\t\t<\/a>\n\t\t\t\t\t\t\t\t\t<\/li>\n\t\t\t\t\t\t\t\t<li class=\"elementor-icon-list-item\">\n\t\t\t\t\t\t\t\t\t\t\t<a href=\"https:\/\/saskiagallery.fr\/index.php\/2022\/03\/10\/bibliographie-robert-clevier\/\">\n\n\t\t\t\t\t\t\t\t\t\t\t\t<span class=\"elementor-icon-list-icon\">\n\t\t\t\t\t\t\t<i aria-hidden=\"true\" class=\"fas fa-arrow-right\"><\/i>\t\t\t\t\t\t<\/span>\n\t\t\t\t\t\t\t\t\t\t<span class=\"elementor-icon-list-text\">Bibliographie<\/span>\n\t\t\t\t\t\t\t\t\t\t\t<\/a>\n\t\t\t\t\t\t\t\t\t<\/li>\n\t\t\t\t\t\t<\/ul>\n\t\t\t\t\t\t<\/div>\n\t\t\t\t<\/div>\n\t\t\t\t\t<\/div>\n\t\t<\/div>\n\t\t\t\t\t<\/div>\n\t\t<\/section>\n\t\t\t\t<section data-particle_enable=\"false\" data-particle-mobile-disabled=\"false\" class=\"elementor-section elementor-top-section elementor-element elementor-element-1bf752a4 elementor-section-boxed elementor-section-height-default elementor-section-height-default\" data-id=\"1bf752a4\" data-element_type=\"section\" data-e-type=\"section\">\n\t\t\t\t\t\t<div class=\"elementor-container elementor-column-gap-default\">\n\t\t\t\t\t<div class=\"elementor-column elementor-col-100 elementor-top-column elementor-element elementor-element-620b54c4\" data-id=\"620b54c4\" data-element_type=\"column\" data-e-type=\"column\">\n\t\t\t<div class=\"elementor-widget-wrap elementor-element-populated\">\n\t\t\t\t\t\t<section data-particle_enable=\"false\" data-particle-mobile-disabled=\"false\" class=\"elementor-section elementor-inner-section elementor-element elementor-element-80e7a68 elementor-section-full_width elementor-section-height-default elementor-section-height-default\" data-id=\"80e7a68\" data-element_type=\"section\" data-e-type=\"section\">\n\t\t\t\t\t\t<div class=\"elementor-container elementor-column-gap-default\">\n\t\t\t\t\t<div class=\"elementor-column elementor-col-50 elementor-inner-column elementor-element elementor-element-7b22165\" data-id=\"7b22165\" data-element_type=\"column\" data-e-type=\"column\">\n\t\t\t<div class=\"elementor-widget-wrap elementor-element-populated\">\n\t\t\t\t\t\t<div class=\"elementor-element elementor-element-42ed31a animated-slow elementor-invisible elementor-widget elementor-widget-image\" data-id=\"42ed31a\" data-element_type=\"widget\" data-e-type=\"widget\" data-settings=\"{&quot;_animation&quot;:&quot;zoomIn&quot;}\" data-widget_type=\"image.default\">\n\t\t\t\t<div class=\"elementor-widget-container\">\n\t\t\t\t\t\t\t\t\t\t\t\t\t\t\t<img decoding=\"async\" src=\"https:\/\/saskiagallery.fr\/wp-content\/uploads\/elementor\/thumbs\/expo-puib4mx1g6jpm1bk7nvcg1zmhz0vdzwl01ku4mezqs.png\" title=\"expo\" alt=\"expo\" loading=\"lazy\" \/>\t\t\t\t\t\t\t\t\t\t\t\t\t\t\t<\/div>\n\t\t\t\t<\/div>\n\t\t\t\t\t<\/div>\n\t\t<\/div>\n\t\t\t\t<div class=\"elementor-column elementor-col-50 elementor-inner-column elementor-element elementor-element-9d5ad5c\" data-id=\"9d5ad5c\" data-element_type=\"column\" data-e-type=\"column\">\n\t\t\t<div class=\"elementor-widget-wrap elementor-element-populated\">\n\t\t\t\t\t\t<div class=\"elementor-element elementor-element-005a282 animated-slow elementor-invisible elementor-widget elementor-widget-heading\" data-id=\"005a282\" data-element_type=\"widget\" data-e-type=\"widget\" data-settings=\"{&quot;_animation&quot;:&quot;fadeIn&quot;}\" data-widget_type=\"heading.default\">\n\t\t\t\t<div class=\"elementor-widget-container\">\n\t\t\t\t\t<h2 class=\"elementor-heading-title elementor-size-default\">\" Au Ferret, aux bords \"<\/h2>\t\t\t\t<\/div>\n\t\t\t\t<\/div>\n\t\t\t\t\t<\/div>\n\t\t<\/div>\n\t\t\t\t\t<\/div>\n\t\t<\/section>\n\t\t\t\t<section data-particle_enable=\"false\" data-particle-mobile-disabled=\"false\" class=\"elementor-section elementor-inner-section elementor-element elementor-element-e48a32d elementor-section-full_width elementor-section-height-default elementor-section-height-default\" data-id=\"e48a32d\" data-element_type=\"section\" data-e-type=\"section\">\n\t\t\t\t\t\t<div class=\"elementor-container elementor-column-gap-no\">\n\t\t\t\t\t<div class=\"elementor-column elementor-col-50 elementor-inner-column elementor-element elementor-element-f6ab2ef\" data-id=\"f6ab2ef\" data-element_type=\"column\" data-e-type=\"column\">\n\t\t\t<div class=\"elementor-widget-wrap elementor-element-populated\">\n\t\t\t\t\t\t<div class=\"elementor-element elementor-element-49b63eb elementor--h-position-center elementor--v-position-middle elementor-arrows-position-inside elementor-widget elementor-widget-slides\" data-id=\"49b63eb\" data-element_type=\"widget\" data-e-type=\"widget\" data-settings=\"{&quot;navigation&quot;:&quot;arrows&quot;,&quot;autoplay&quot;:&quot;yes&quot;,&quot;pause_on_hover&quot;:&quot;yes&quot;,&quot;pause_on_interaction&quot;:&quot;yes&quot;,&quot;autoplay_speed&quot;:5000,&quot;infinite&quot;:&quot;yes&quot;,&quot;transition&quot;:&quot;slide&quot;,&quot;transition_speed&quot;:500}\" data-widget_type=\"slides.default\">\n\t\t\t\t<div class=\"elementor-widget-container\">\n\t\t\t\t\t\t\t\t\t<div class=\"elementor-swiper\">\n\t\t\t\t\t<div class=\"elementor-slides-wrapper elementor-main-swiper swiper\" role=\"region\" aria-roledescription=\"carousel\" aria-label=\"Diapositives\" dir=\"ltr\" data-animation=\"fadeInUp\">\n\t\t\t\t<div class=\"swiper-wrapper elementor-slides\">\n\t\t\t\t\t\t\t\t\t\t<div class=\"elementor-repeater-item-3f07826 swiper-slide\" role=\"group\" aria-roledescription=\"slide\"><div class=\"swiper-slide-bg\" role=\"img\"><\/div><div class=\"swiper-slide-inner\" ><div class=\"swiper-slide-contents\"><\/div><\/div><\/div><div class=\"elementor-repeater-item-8ec4a37 swiper-slide\" role=\"group\" aria-roledescription=\"slide\"><div class=\"swiper-slide-bg\" role=\"img\"><\/div><div class=\"swiper-slide-inner\" ><div class=\"swiper-slide-contents\"><\/div><\/div><\/div>\t\t\t\t<\/div>\n\t\t\t\t\t\t\t\t\t\t\t\t\t\t\t<div class=\"elementor-swiper-button elementor-swiper-button-prev\" role=\"button\" tabindex=\"0\" aria-label=\"Diapositive pr\u00e9c\u00e9dente\">\n\t\t\t\t\t\t\t<i aria-hidden=\"true\" class=\"eicon-chevron-left\"><\/i>\t\t\t\t\t\t<\/div>\n\t\t\t\t\t\t<div class=\"elementor-swiper-button elementor-swiper-button-next\" role=\"button\" tabindex=\"0\" aria-label=\"Diapositive suivante\">\n\t\t\t\t\t\t\t<i aria-hidden=\"true\" class=\"eicon-chevron-right\"><\/i>\t\t\t\t\t\t<\/div>\n\t\t\t\t\t\t\t\t\t\t\t\t\t\t\t\t\t<\/div>\n\t\t\t\t<\/div>\n\t\t\t\t\t\t\t\t<\/div>\n\t\t\t\t<\/div>\n\t\t\t\t<div class=\"elementor-element elementor-element-6b635ba elementor-widget elementor-widget-text-editor\" data-id=\"6b635ba\" data-element_type=\"widget\" data-e-type=\"widget\" data-widget_type=\"text-editor.default\">\n\t\t\t\t<div class=\"elementor-widget-container\">\n\t\t\t\t\t\t\t\t\t<p><strong>Invitation \u00ab\u00a0Au Ferret, aux bords\u00a0\u00bb &#8211; Paris 2025<\/strong><\/p>\t\t\t\t\t\t\t\t<\/div>\n\t\t\t\t<\/div>\n\t\t\t\t\t<\/div>\n\t\t<\/div>\n\t\t\t\t<div class=\"elementor-column elementor-col-50 elementor-inner-column elementor-element elementor-element-bd15fb3\" data-id=\"bd15fb3\" data-element_type=\"column\" data-e-type=\"column\">\n\t\t\t<div class=\"elementor-widget-wrap elementor-element-populated\">\n\t\t\t\t\t\t<div class=\"elementor-element elementor-element-5dd24f1 elementor-widget elementor-widget-video\" data-id=\"5dd24f1\" data-element_type=\"widget\" data-e-type=\"widget\" data-settings=\"{&quot;video_type&quot;:&quot;hosted&quot;,&quot;start&quot;:1,&quot;controls&quot;:&quot;yes&quot;}\" data-widget_type=\"video.default\">\n\t\t\t\t<div class=\"elementor-widget-container\">\n\t\t\t\t\t\t\t<div class=\"e-hosted-video elementor-wrapper elementor-open-inline\">\n\t\t\t\t\t<video class=\"elementor-video\" src=\"https:\/\/saskiagallery.fr\/wp-content\/uploads\/2025\/06\/Film-exposition-05-2025.mp4#t=1\" controls=\"\" preload=\"metadata\" controlsList=\"nodownload\"><\/video>\n\t\t\t\t<\/div>\n\t\t\t\t\t\t<\/div>\n\t\t\t\t<\/div>\n\t\t\t\t\t<\/div>\n\t\t<\/div>\n\t\t\t\t\t<\/div>\n\t\t<\/section>\n\t\t\t\t\t<\/div>\n\t\t<\/div>\n\t\t\t\t\t<\/div>\n\t\t<\/section>\n\t\t\t\t<section data-particle_enable=\"false\" data-particle-mobile-disabled=\"false\" class=\"elementor-section elementor-top-section elementor-element elementor-element-b7288fc elementor-section-boxed elementor-section-height-default elementor-section-height-default\" data-id=\"b7288fc\" data-element_type=\"section\" data-e-type=\"section\">\n\t\t\t\t\t\t<div class=\"elementor-container elementor-column-gap-default\">\n\t\t\t\t\t<div class=\"elementor-column elementor-col-100 elementor-top-column elementor-element elementor-element-1ae12a8\" data-id=\"1ae12a8\" data-element_type=\"column\" data-e-type=\"column\">\n\t\t\t<div class=\"elementor-widget-wrap elementor-element-populated\">\n\t\t\t\t\t\t<section data-particle_enable=\"false\" data-particle-mobile-disabled=\"false\" class=\"elementor-section elementor-inner-section elementor-element elementor-element-1f48196 elementor-section-boxed elementor-section-height-default elementor-section-height-default\" data-id=\"1f48196\" data-element_type=\"section\" data-e-type=\"section\">\n\t\t\t\t\t\t<div class=\"elementor-container elementor-column-gap-default\">\n\t\t\t\t\t<div class=\"elementor-column elementor-col-50 elementor-inner-column elementor-element elementor-element-f13461e\" data-id=\"f13461e\" data-element_type=\"column\" data-e-type=\"column\">\n\t\t\t<div class=\"elementor-widget-wrap elementor-element-populated\">\n\t\t\t\t\t\t<div class=\"elementor-element elementor-element-f3a5da3 animated-slow elementor-invisible elementor-widget elementor-widget-image\" data-id=\"f3a5da3\" data-element_type=\"widget\" data-e-type=\"widget\" data-settings=\"{&quot;_animation&quot;:&quot;zoomIn&quot;}\" data-widget_type=\"image.default\">\n\t\t\t\t<div class=\"elementor-widget-container\">\n\t\t\t\t\t\t\t\t\t\t\t\t\t\t\t<img decoding=\"async\" src=\"https:\/\/saskiagallery.fr\/wp-content\/uploads\/elementor\/thumbs\/expo-puib4mx1g6jpm1bk7nvcg1zmhz0vdzwl01ku4mezqs.png\" title=\"expo\" alt=\"expo\" loading=\"lazy\" \/>\t\t\t\t\t\t\t\t\t\t\t\t\t\t\t<\/div>\n\t\t\t\t<\/div>\n\t\t\t\t\t<\/div>\n\t\t<\/div>\n\t\t\t\t<div class=\"elementor-column elementor-col-50 elementor-inner-column elementor-element elementor-element-90acad2\" data-id=\"90acad2\" data-element_type=\"column\" data-e-type=\"column\">\n\t\t\t<div class=\"elementor-widget-wrap elementor-element-populated\">\n\t\t\t\t\t\t<div class=\"elementor-element elementor-element-1d53bef animated-slow elementor-invisible elementor-widget elementor-widget-heading\" data-id=\"1d53bef\" data-element_type=\"widget\" data-e-type=\"widget\" data-settings=\"{&quot;_animation&quot;:&quot;fadeIn&quot;}\" data-widget_type=\"heading.default\">\n\t\t\t\t<div class=\"elementor-widget-container\">\n\t\t\t\t\t<h2 class=\"elementor-heading-title elementor-size-default\">Mots de l'artiste<\/h2>\t\t\t\t<\/div>\n\t\t\t\t<\/div>\n\t\t\t\t\t<\/div>\n\t\t<\/div>\n\t\t\t\t\t<\/div>\n\t\t<\/section>\n\t\t\t\t<div class=\"elementor-element elementor-element-3cad08a elementor-widget elementor-widget-text-editor\" data-id=\"3cad08a\" data-element_type=\"widget\" data-e-type=\"widget\" data-widget_type=\"text-editor.default\">\n\t\t\t\t<div class=\"elementor-widget-container\">\n\t\t\t\t\t\t\t\t\t<p><b>Robert Cl\u00e9vier, exposition \u00ab Au Ferret, aux bords \u00bb, dessins et tableaux 2015-2018.<\/b><\/p><p>Entretien avec Nathalie Gruska Flornoy, d\u00e9cembre 2024<\/p><p><i>NGF. \u2014 Dix ans apr\u00e8s votre longue p\u00e9riode de travaux parmi les vignes, vous s\u00e9journez quelques jours chaque \u00e9t\u00e9 de 2015 \u00e0 2018 au Cap-Ferret ; vous y esquissez et revenant \u00e0 votre atelier, r\u00e9alisez les \u0153uvres graphiques que nous exposons.<\/i><\/p><p>RC. \u2014 ll y a des fusains, des mines de plomb, des pastels.<\/p><p><i>NGF. \u2014 On devine qu\u2019il s\u2019agit du bassin, des pignots (on prononce le T, du gascon \u00ab pinh\u00f2t \u00bb), des parcs \u00e0 huitres\u2026 Sur place, qu\u2019est-ce qui vous a surpris ou interrog\u00e9 ?<\/i><\/p><p>RC. \u2014 Par moments, il y avait la possibilit\u00e9 de travailler.<\/p><p><i>NGF. \u2014 On voit des formes effac\u00e9es, flout\u00e9es, nacr\u00e9es.<\/i><\/p><p>RC. \u2014 Le matin, je marchais d\u2019une anse \u00e0 l\u2019autre. Au Ferret, la terre joue \u00e0 l\u2019eau, qui enjoue. En soir\u00e9e venait l\u2019id\u00e9e de peindre le trait entre deux moments, les mar\u00e9es.<\/p><p><i>NGF. \u2014 Votre travail ici et l\u00e0 montre deux g\u00e9om\u00e9tries r\u00e9guli\u00e8res qui constituent enti\u00e8rement, sans perte ni r\u00e9serve la forme unique de deux \u00ab paysages \u00bb, terre et eau. Pourtant, combien les donn\u00e9es physiques locales des vignobles et du bassin diff\u00e8rent les uns des autres !<\/i><\/p><p>RC. \u2014 Les vignes avancent aux rythmes saisonniers, avec lenteur. L\u2019hiver, apr\u00e8s la taille, selon que le sol est d\u00e9nud\u00e9 ou en herbe, les ceps foncent, forment comme des brasiers de silhouettes qui par contraste avec le vert ou les terres de sienne, semblent s\u2019accrocher, et s\u2019articuler dans les lointains. Au printemps, apr\u00e8s une courte p\u00e9riode ros\u00e9e, un plan homog\u00e8ne de vert natif couvre tout \u00e0 coup les parcelles, en dissout les limites.<\/p><p>La lumi\u00e8re des vignes se voit telle qu\u2019on dit qu\u2019elle est, qu\u2019on la d\u00e9crit et d\u00e9finit : des droites orient\u00e9es de fa\u00e7on univoque. Au bord du bassin, le sable est compos\u00e9 de d\u00e9bris de coquilles d\u2019huitres, de nacre ; l\u2019eau clapote, les droites s\u2019y brisent en milliers de petits morceaux, diffractent en autant de directions divergentes et rebondissantes, comme si les grains de sable et l\u2019eau se m\u00e9langeaient avec autant de miroirs, formant un horizon illumin\u00e9, une nu\u00e9e de ph\u00e9nom\u00e8nes optiques, une phase spectaculaire de la lumi\u00e8re.<\/p><p><i>NGF. \u2014 Au Ferret, le rythme est rapide, les mar\u00e9es et les variations constantes.<\/i><\/p><p>RC. \u2014 Le fond \u00e9merge et transpara\u00eet, le ciel forme des flaques, la terre des brumes, des dunes ; \u00e0 quel moment les pignots peuvent-elles \u00eatre per\u00e7ues comme des bois, et non comme des persistances r\u00e9tiniennes, des tremblements \u00e9nigmatiques, des signaux clignotants, des traces, des ombres ? Ici, \u00e0 l\u2019abri de la mer et peut-\u00eatre de ses puissances, \u00e9clatent les reflets ; et l\u00e0, des parcelles solides telles des l\u00e9gions, tortues invariables recevant la lumi\u00e8re en faisceaux.<\/p><p>Comparer ces deux paysages concrets, voire les repr\u00e9senter par oppositions des attributs que l\u2019on peut leur attacher (sec\/net versus humide\/flou, graphique\/plastique, plastique\/graphique, peinture\/dessin, etc.), souligne qu\u2019ils doivent beaucoup \u00e0 la vision, facult\u00e9 sensible et inventive d\u2019espaces ; \u00e0 la vue par projection de ses optiques, \u00e0 la vision puisque ce \u00ab voir \u00bb est faire du r\u00e9el un \u00e9piderme.<\/p><p>J\u2019y ai travaill\u00e9 pour interroger, tenter de mesurer l\u2019importance relative cette perception, \u00e0 c\u00f4t\u00e9 d\u2019autres sens. Ma pratique a \u00e9t\u00e9 transform\u00e9e par la n\u00e9cessit\u00e9, \u00e0 laquelle comme peintre et comme personne je me suis r\u00e9uni, la n\u00e9cessit\u00e9 donc d\u2019interroger le r\u00e9el et le monde sur d\u2019autres plans, selon d\u2019autres logiques et modalit\u00e9s que ceux qui d\u00e9pendent de la vision et de sa puissance.<\/p><p><i>NGF. \u2014 Les couleurs des tableaux qui portent les titres \u00ab Route de Pauillac \u00bb, ou \u00ab Environs de Saint-Emilion \u00bb, sont constitu\u00e9es de couches d\u2019acrylique tr\u00e8s l\u00e9g\u00e8rement color\u00e9es. Ces passages, se succ\u00e9dant pendant plusieurs ann\u00e9es, peuvent \u00eatre tr\u00e8s nombreux.<\/i><\/p><p>RC. \u2014 Ce qui importe ici, ce sont autant ou davantage les p\u00e9riodes, interm\u00e9diaires entre les s\u00e9ances de travail, que les apports r\u00e9alis\u00e9s lors de ces s\u00e9ances. Les r\u00e9sultats du travail tiennent au choix intuitif du moment de peindre ; il y a un moment, et non mille possibilit\u00e9s, pour chaque acte ; ma certitude sensible s\u2019attache peu \u00e0 ce que j\u2019ai \u00e0 faire, mais se constitue comme le moment de ce faire.<\/p><p><i>NGF. \u2014 Cette remarque vaut pour toutes vos \u0153uvres. Au Cap-Ferret, vos utilisez des pastels et des mines de plomb pour la couleur. Pourquoi avoir chang\u00e9 de mat\u00e9riau ?<\/i><\/p><p>RC. \u2014 Le noir, une couleur ?<\/p><p><i>NGF. \u2014 Oui !<\/i><\/p><p>RC. \u2014 Selon que l\u2019on consid\u00e8re a priori le noir comme une couleur, ou non, ces travaux seront regard\u00e9s diff\u00e9remment. Couleur a longtemps signifi\u00e9 \u00ab lumi\u00e8re \u00bb. Vos yeux per\u00e7oivent des noirs-couleurs &#8211; esp\u00e9rez-vous une lumi\u00e8re noire ?<\/p><p>J\u2019utilise les noirs, quelques-uns parmi tous ceux que je peux me procurer &#8211; ma r\u00e8gle est : peu de vocabulaire, beaucoup d\u2019\u00e9quivalents d\u2019une syntaxe -, j\u2019utilise les variations de noirs pour les phases transitoires entre noirs et couleurs, puisque les couleurs optiques proc\u00e8dent des d\u00e9gradations du noir &#8211; c\u2019est ce que mes exp\u00e9riences m\u2019apprennent; aux vignes, il s\u2019agissait de chromatisme, mais au Ferret, les couleurs relevaient, optiquement, des cama\u00efeux de gris obtenus par d\u00e9clinaison, \u00ab effacement \u00bb (de la face).<\/p><p>Dilution pendant ces ann\u00e9es 2015, et dans la p\u00e9riode pr\u00e9c\u00e9dente, travail avec des traces de couleur; en utilisant les tonalit\u00e9s les plus basses, faisant avec des perceptions infraliminaires, je cherchais des micro-transformations qui, l\u2019une apr\u00e8s l\u2019autre, se superposant, constituerait certes une charge mat\u00e9rielle de pigments mais non une densit\u00e9 suffisante pour \u00eatre fix\u00e9e, nomm\u00e9e \u00ab une couleur \u00bb; je ne sais pas ce qu\u2019est \u00ab une couleur \u00bb, celle-ci tenant principalement \u00e0 la fa\u00e7on dont les gels acryliques sont tir\u00e9s, orient\u00e9s, brouill\u00e9s, pos\u00e9s, \u00e9tats successifs et simultan\u00e9s \u00e0 travers et entre lesquels la lumi\u00e8re p\u00e9n\u00e8tre et circule, est frein\u00e9e ou pouss\u00e9e selon des angles diff\u00e9rents\u2026 cette \u00ab non connaissance \u00bb dit mieux ma pratique (la pr\u00e9paration des mat\u00e9riaux comme mes actes) et la pr\u00e9\u00e9minence mes intuitions esth\u00e9tiques en toute circonstance, que n\u2019importe quel savoir constitu\u00e9.<\/p><p>A partir des ann\u00e9es 2013 ou 14, j\u2019ai retrouv\u00e9 l\u2019emploi des pastels, des gestes comparables \u00e0 ceux que je viens de relater (en peinture acrylique), o\u00f9 la quantit\u00e9 de mati\u00e8re peut l\u00e0 encore aller jusqu\u2019\u00e0 la poussi\u00e8re, mais o\u00f9 les rapports color\u00e9s \u00e0 ces limites se pr\u00e9sentent, paradoxalement, de fa\u00e7on plus nette \u00e0 la perception, peut-\u00eatre parce que les pastels m\u00eame utilis\u00e9s avec la plus grande discr\u00e9tion, sont compos\u00e9s de grains de mati\u00e8re (quand ils sont dilu\u00e9s dans les gels acryliques).<\/p><p>L\u2019introduction de noirs d\u00e8s les premiers actes constituait un fait nouveau ; il s\u2019agissait de mettre en relation, en jeu, les couleurs \u00ab objectives \u00bb (ici, les pastels) avec les couleurs optiques, \u00ab subjectives \u00bb (dites aussi pr\u00e9-hallucinatoires), qui se produisent \u00e0 la surface des noirs selon leurs tonalit\u00e9s.<\/p><p>A partir de ces ann\u00e9es 2015, une id\u00e9e me parut devoir \u00eatre soutenue, telle qu\u2019aucun geste, qu\u2019aucune intervention ne pouvaient demeurer visibles selon leurs propres logiques ; qu\u2019il n\u2019y avait de geste fondamental qu\u2019un deuxi\u00e8me geste, qu\u2019une deuxi\u00e8me tentative qui \u00e0 la fois d\u00e9pendait de la premi\u00e8re, en courbait le d\u00e9veloppement, et d\u00e8s lors, n\u2019en d\u00e9pendait pas au sens pr\u00e9visible. Cette exigence s\u2019affirmait par de nouvelles pratiques, et des r\u00e9sultats nouveaux, d\u2019o\u00f9 ce que vous appelez des \u00ab aspects nacr\u00e9s, blanchis, de brouillard, \u2026 \u00bb. Il me semble que toute r\u00e9alit\u00e9 graphique ou plastique ne se maintient, n\u2019a d\u2019\u00e0 venir que par l\u2019action qui la r\u00e9pare (de sorte qu\u2019a posteriori, mes techniques acryliques me semblent aujourd\u2019hui relever d\u2019une logique de croissance naturelle !). *<\/p><p><i>NGF. \u2014 Vos tableaux de la p\u00e9riode \u00ab vignes \u00bb sont des diptyques ; les dessins du Ferret, non.<\/i><\/p><p>RC. \u2014 Tous comportent deux parties et une s\u00e9paration, au moins. Tous ont \u00e0 voir avec des paysages qui, par rapport \u00e0 d\u2019autres espaces o\u00f9 se m\u00ealent plusieurs logiques, plusieurs types d\u2019emprise et d\u2019\u00e9volutions, tous d\u2019abord sont construits et contr\u00f4l\u00e9s jusqu\u2019\u00e0 saturation : on ne peut y voir que ce maximum, tout aspect jusqu\u2019au plus p\u00e9riph\u00e9rique relevant de volont\u00e9s invariables mises au service exclusif d\u2019une possession totale, continue, d\u2019une cl\u00f4ture unifiant les propri\u00e9t\u00e9s physique, coutumi\u00e8re, l\u00e9gale, normative de ces espaces.<\/p><p>Un espace-temps un, endog\u00e8ne ; \u00e0 ses fronti\u00e8res, l\u2019\u00e9tranger ; la figure que je rencontre en attente ici, est celle de l\u2019\u00e9v\u00e8nement, de l\u2019accident, et du hasard qui d\u00e9cidera du moment o\u00f9 dans de si fortes mains, ces coques au moment o\u00f9 elles seront remises aux nouvelles g\u00e9n\u00e9rations, se briseront.<\/p><p>M\u00e9taphores : les vignes, inflexibles, jusqu\u2019\u00e0 l\u2019acm\u00e9 des vendanges, o\u00f9 commence une nouvelle s\u00e9quence ascendante, jusqu\u2019\u00e0 un nouvel acm\u00e9 qui en quelque sorte, pr\u00e9sentera le fruit coup\u00e9 de ses racines terrestres au secret de ses derniers degr\u00e9s d\u2019accomplissement. Le bassin, acm\u00e9 continu\u00e9, vaguement alternatif, post-moderne. Au cours de la p\u00e9riode 1999-2010, j\u2019ai interrog\u00e9 non le temps en tant que lui-m\u00eame, mais l\u2019espacement, concept que la peinture &#8211; c\u2019\u00e9tait mon esp\u00e9rance &#8211; me permettrait de suspendre.<\/p><p>De l\u00e0, j\u2019en vins quelques ann\u00e9es plus tard \u00e0 questionner la division en deux parties au sens de forme ; mes pratiques exp\u00e9rimentaient cette folle s\u00e9paration, c\u2019est \u00e0 dire, non des repr\u00e9sentations, mais &#8211; \u00e9tait-ce le principe sur lequel repose tout notre syst\u00e8me occidental de repr\u00e9sentation : le dualisme, et la dialectique qui en est le mouvement apparent ?<\/p>\t\t\t\t\t\t\t\t<\/div>\n\t\t\t\t<\/div>\n\t\t\t\t\t<\/div>\n\t\t<\/div>\n\t\t\t\t\t<\/div>\n\t\t<\/section>\n\t\t\t\t<section data-particle_enable=\"false\" data-particle-mobile-disabled=\"false\" class=\"elementor-section elementor-top-section elementor-element elementor-element-e51e012 elementor-section-boxed elementor-section-height-default elementor-section-height-default\" data-id=\"e51e012\" data-element_type=\"section\" data-e-type=\"section\">\n\t\t\t\t\t\t<div class=\"elementor-container elementor-column-gap-default\">\n\t\t\t\t\t<div class=\"elementor-column elementor-col-100 elementor-top-column elementor-element elementor-element-91e1797\" data-id=\"91e1797\" data-element_type=\"column\" data-e-type=\"column\">\n\t\t\t<div class=\"elementor-widget-wrap elementor-element-populated\">\n\t\t\t\t\t\t<div class=\"elementor-element elementor-element-a39492c elementor-widget elementor-widget-spacer\" data-id=\"a39492c\" data-element_type=\"widget\" data-e-type=\"widget\" data-widget_type=\"spacer.default\">\n\t\t\t\t<div class=\"elementor-widget-container\">\n\t\t\t\t\t\t\t<div class=\"elementor-spacer\">\n\t\t\t<div class=\"elementor-spacer-inner\"><\/div>\n\t\t<\/div>\n\t\t\t\t\t\t<\/div>\n\t\t\t\t<\/div>\n\t\t\t\t\t<\/div>\n\t\t<\/div>\n\t\t\t\t\t<\/div>\n\t\t<\/section>\n\t\t\t\t<\/div>\n\t\t","protected":false},"excerpt":{"rendered":"<p>Robert CLEVIER &#8211; 2025 &#8211; \u00a0\u00bb Au Ferret, aux bords \u00ab\u00a0 Biographie Bibliographie \u00a0\u00bb Au Ferret, aux bords \u00ab\u00a0 Invitation \u00ab\u00a0Au Ferret, aux bords\u00a0\u00bb &#8211; Paris 2025 https:\/\/saskiagallery.fr\/wp-content\/uploads\/2025\/06\/Film-exposition-05-2025.mp4#t=1 Mots de l&rsquo;artiste Robert Cl\u00e9vier, exposition \u00ab Au Ferret, aux bords \u00bb, dessins et tableaux 2015-2018. Entretien avec Nathalie Gruska Flornoy, d\u00e9cembre 2024 NGF. \u2014 Dix ans&hellip;&nbsp;<a href=\"https:\/\/saskiagallery.fr\/index.php\/2025\/03\/18\/robert-clevier-2025-au-ferret-aux-bords\/\" class=\"\" rel=\"bookmark\">Lire la suite &raquo;<span class=\"screen-reader-text\">Robert CLEVIER &#8211; 2025 &#8211; \u00ab\u00a0Au Ferret, aux bords\u00a0\u00bb<\/span><\/a><\/p>\n","protected":false},"author":2,"featured_media":7920,"comment_status":"closed","ping_status":"closed","sticky":false,"template":"elementor_header_footer","format":"standard","meta":{"_uf_show_specific_survey":0,"_uf_disable_surveys":false,"neve_meta_sidebar":"","neve_meta_container":"","neve_meta_enable_content_width":"","neve_meta_content_width":0,"neve_meta_title_alignment":"","neve_meta_author_avatar":"","neve_post_elements_order":"","neve_meta_disable_header":"","neve_meta_disable_footer":"","neve_meta_disable_title":"","_jetpack_memberships_contains_paid_content":false,"footnotes":""},"categories":[6],"tags":[],"class_list":["post-7937","post","type-post","status-publish","format-standard","has-post-thumbnail","hentry","category-expositions"],"yoast_head":"<!-- This site is optimized with the Yoast SEO plugin v27.5 - https:\/\/yoast.com\/product\/yoast-seo-wordpress\/ -->\n<title>Robert CLEVIER - 2025 - &quot;Au Ferret, aux bords&quot; - Saskia Gallery<\/title>\n<meta name=\"robots\" content=\"index, follow, max-snippet:-1, max-image-preview:large, max-video-preview:-1\" \/>\n<link rel=\"canonical\" href=\"https:\/\/saskiagallery.fr\/index.php\/2025\/03\/18\/robert-clevier-2025-au-ferret-aux-bords\/\" \/>\n<meta property=\"og:locale\" content=\"fr_FR\" \/>\n<meta property=\"og:type\" content=\"article\" \/>\n<meta property=\"og:title\" content=\"Robert CLEVIER - 2025 - &quot;Au Ferret, aux bords&quot; - Saskia Gallery\" \/>\n<meta property=\"og:description\" content=\"Robert CLEVIER &#8211; 2025 &#8211; \u00a0\u00bb Au Ferret, aux bords \u00ab\u00a0 Biographie Bibliographie \u00a0\u00bb Au Ferret, aux bords \u00ab\u00a0 Invitation \u00ab\u00a0Au Ferret, aux bords\u00a0\u00bb &#8211; Paris 2025 https:\/\/saskiagallery.fr\/wp-content\/uploads\/2025\/06\/Film-exposition-05-2025.mp4#t=1 Mots de l&rsquo;artiste Robert Cl\u00e9vier, exposition \u00ab Au Ferret, aux bords \u00bb, dessins et tableaux 2015-2018. Entretien avec Nathalie Gruska Flornoy, d\u00e9cembre 2024 NGF. \u2014 Dix ans&hellip;&nbsp;Lire la suite &raquo;Robert CLEVIER &#8211; 2025 &#8211; \u00ab\u00a0Au Ferret, aux bords\u00a0\u00bb\" \/>\n<meta property=\"og:url\" content=\"https:\/\/saskiagallery.fr\/index.php\/2025\/03\/18\/robert-clevier-2025-au-ferret-aux-bords\/\" \/>\n<meta property=\"og:site_name\" content=\"Saskia Gallery\" \/>\n<meta property=\"article:published_time\" content=\"2025-03-18T09:20:09+00:00\" \/>\n<meta property=\"article:modified_time\" content=\"2025-12-03T09:33:48+00:00\" \/>\n<meta property=\"og:image\" content=\"https:\/\/saskiagallery.fr\/wp-content\/uploads\/2025\/03\/Carton_invitation_recto_ferret.jpg\" \/>\n\t<meta property=\"og:image:width\" content=\"1749\" \/>\n\t<meta property=\"og:image:height\" content=\"1215\" \/>\n\t<meta property=\"og:image:type\" content=\"image\/jpeg\" \/>\n<meta name=\"author\" content=\"Pascal MARETS\" \/>\n<meta name=\"twitter:card\" content=\"summary_large_image\" \/>\n<meta name=\"twitter:label1\" content=\"\u00c9crit par\" \/>\n\t<meta name=\"twitter:data1\" content=\"Pascal MARETS\" \/>\n\t<meta name=\"twitter:label2\" content=\"Dur\u00e9e de lecture estim\u00e9e\" \/>\n\t<meta name=\"twitter:data2\" content=\"9 minutes\" \/>\n<script type=\"application\/ld+json\" class=\"yoast-schema-graph\">{\"@context\":\"https:\\\/\\\/schema.org\",\"@graph\":[{\"@type\":\"Article\",\"@id\":\"https:\\\/\\\/saskiagallery.fr\\\/index.php\\\/2025\\\/03\\\/18\\\/robert-clevier-2025-au-ferret-aux-bords\\\/#article\",\"isPartOf\":{\"@id\":\"https:\\\/\\\/saskiagallery.fr\\\/index.php\\\/2025\\\/03\\\/18\\\/robert-clevier-2025-au-ferret-aux-bords\\\/\"},\"author\":{\"name\":\"Pascal MARETS\",\"@id\":\"https:\\\/\\\/saskiagallery.fr\\\/#\\\/schema\\\/person\\\/a579a20dc36e110ff132d139f34963a0\"},\"headline\":\"Robert CLEVIER &#8211; 2025 &#8211; \u00ab\u00a0Au Ferret, aux bords\u00a0\u00bb\",\"datePublished\":\"2025-03-18T09:20:09+00:00\",\"dateModified\":\"2025-12-03T09:33:48+00:00\",\"mainEntityOfPage\":{\"@id\":\"https:\\\/\\\/saskiagallery.fr\\\/index.php\\\/2025\\\/03\\\/18\\\/robert-clevier-2025-au-ferret-aux-bords\\\/\"},\"wordCount\":1705,\"publisher\":{\"@id\":\"https:\\\/\\\/saskiagallery.fr\\\/#organization\"},\"image\":{\"@id\":\"https:\\\/\\\/saskiagallery.fr\\\/index.php\\\/2025\\\/03\\\/18\\\/robert-clevier-2025-au-ferret-aux-bords\\\/#primaryimage\"},\"thumbnailUrl\":\"https:\\\/\\\/saskiagallery.fr\\\/wp-content\\\/uploads\\\/2025\\\/03\\\/Carton_invitation_recto_ferret.jpg\",\"articleSection\":[\"Expositions\"],\"inLanguage\":\"fr-FR\"},{\"@type\":\"WebPage\",\"@id\":\"https:\\\/\\\/saskiagallery.fr\\\/index.php\\\/2025\\\/03\\\/18\\\/robert-clevier-2025-au-ferret-aux-bords\\\/\",\"url\":\"https:\\\/\\\/saskiagallery.fr\\\/index.php\\\/2025\\\/03\\\/18\\\/robert-clevier-2025-au-ferret-aux-bords\\\/\",\"name\":\"Robert CLEVIER - 2025 - \\\"Au Ferret, aux bords\\\" - Saskia Gallery\",\"isPartOf\":{\"@id\":\"https:\\\/\\\/saskiagallery.fr\\\/#website\"},\"primaryImageOfPage\":{\"@id\":\"https:\\\/\\\/saskiagallery.fr\\\/index.php\\\/2025\\\/03\\\/18\\\/robert-clevier-2025-au-ferret-aux-bords\\\/#primaryimage\"},\"image\":{\"@id\":\"https:\\\/\\\/saskiagallery.fr\\\/index.php\\\/2025\\\/03\\\/18\\\/robert-clevier-2025-au-ferret-aux-bords\\\/#primaryimage\"},\"thumbnailUrl\":\"https:\\\/\\\/saskiagallery.fr\\\/wp-content\\\/uploads\\\/2025\\\/03\\\/Carton_invitation_recto_ferret.jpg\",\"datePublished\":\"2025-03-18T09:20:09+00:00\",\"dateModified\":\"2025-12-03T09:33:48+00:00\",\"breadcrumb\":{\"@id\":\"https:\\\/\\\/saskiagallery.fr\\\/index.php\\\/2025\\\/03\\\/18\\\/robert-clevier-2025-au-ferret-aux-bords\\\/#breadcrumb\"},\"inLanguage\":\"fr-FR\",\"potentialAction\":[{\"@type\":\"ReadAction\",\"target\":[\"https:\\\/\\\/saskiagallery.fr\\\/index.php\\\/2025\\\/03\\\/18\\\/robert-clevier-2025-au-ferret-aux-bords\\\/\"]}]},{\"@type\":\"ImageObject\",\"inLanguage\":\"fr-FR\",\"@id\":\"https:\\\/\\\/saskiagallery.fr\\\/index.php\\\/2025\\\/03\\\/18\\\/robert-clevier-2025-au-ferret-aux-bords\\\/#primaryimage\",\"url\":\"https:\\\/\\\/saskiagallery.fr\\\/wp-content\\\/uploads\\\/2025\\\/03\\\/Carton_invitation_recto_ferret.jpg\",\"contentUrl\":\"https:\\\/\\\/saskiagallery.fr\\\/wp-content\\\/uploads\\\/2025\\\/03\\\/Carton_invitation_recto_ferret.jpg\",\"width\":1749,\"height\":1215},{\"@type\":\"BreadcrumbList\",\"@id\":\"https:\\\/\\\/saskiagallery.fr\\\/index.php\\\/2025\\\/03\\\/18\\\/robert-clevier-2025-au-ferret-aux-bords\\\/#breadcrumb\",\"itemListElement\":[{\"@type\":\"ListItem\",\"position\":1,\"name\":\"Accueil\",\"item\":\"https:\\\/\\\/saskiagallery.fr\\\/\"},{\"@type\":\"ListItem\",\"position\":2,\"name\":\"Robert CLEVIER &#8211; 2025 &#8211; \u00ab\u00a0Au Ferret, aux bords\u00a0\u00bb\"}]},{\"@type\":\"WebSite\",\"@id\":\"https:\\\/\\\/saskiagallery.fr\\\/#website\",\"url\":\"https:\\\/\\\/saskiagallery.fr\\\/\",\"name\":\"Saskia Gallery\",\"description\":\"Galerie d&#039;artistes contemporains - Vente en ligne\",\"publisher\":{\"@id\":\"https:\\\/\\\/saskiagallery.fr\\\/#organization\"},\"potentialAction\":[{\"@type\":\"SearchAction\",\"target\":{\"@type\":\"EntryPoint\",\"urlTemplate\":\"https:\\\/\\\/saskiagallery.fr\\\/?s={search_term_string}\"},\"query-input\":{\"@type\":\"PropertyValueSpecification\",\"valueRequired\":true,\"valueName\":\"search_term_string\"}}],\"inLanguage\":\"fr-FR\"},{\"@type\":\"Organization\",\"@id\":\"https:\\\/\\\/saskiagallery.fr\\\/#organization\",\"name\":\"Saskia Gallery PARIS\",\"url\":\"https:\\\/\\\/saskiagallery.fr\\\/\",\"logo\":{\"@type\":\"ImageObject\",\"inLanguage\":\"fr-FR\",\"@id\":\"https:\\\/\\\/saskiagallery.fr\\\/#\\\/schema\\\/logo\\\/image\\\/\",\"url\":\"https:\\\/\\\/i0.wp.com\\\/saskiagallery.fr\\\/wp-content\\\/uploads\\\/2022\\\/02\\\/logo_saskiagallerygd.jpg?fit=575%2C188&ssl=1\",\"contentUrl\":\"https:\\\/\\\/i0.wp.com\\\/saskiagallery.fr\\\/wp-content\\\/uploads\\\/2022\\\/02\\\/logo_saskiagallerygd.jpg?fit=575%2C188&ssl=1\",\"width\":575,\"height\":188,\"caption\":\"Saskia Gallery PARIS\"},\"image\":{\"@id\":\"https:\\\/\\\/saskiagallery.fr\\\/#\\\/schema\\\/logo\\\/image\\\/\"}},{\"@type\":\"Person\",\"@id\":\"https:\\\/\\\/saskiagallery.fr\\\/#\\\/schema\\\/person\\\/a579a20dc36e110ff132d139f34963a0\",\"name\":\"Pascal MARETS\",\"image\":{\"@type\":\"ImageObject\",\"inLanguage\":\"fr-FR\",\"@id\":\"https:\\\/\\\/secure.gravatar.com\\\/avatar\\\/e3fbb13ef978f5b7ae9c9a70c4a973c677718f4e599b358385e47a270862c815?s=96&r=g\",\"url\":\"https:\\\/\\\/secure.gravatar.com\\\/avatar\\\/e3fbb13ef978f5b7ae9c9a70c4a973c677718f4e599b358385e47a270862c815?s=96&r=g\",\"contentUrl\":\"https:\\\/\\\/secure.gravatar.com\\\/avatar\\\/e3fbb13ef978f5b7ae9c9a70c4a973c677718f4e599b358385e47a270862c815?s=96&r=g\",\"caption\":\"Pascal MARETS\"},\"url\":\"https:\\\/\\\/saskiagallery.fr\\\/index.php\\\/author\\\/mastersaskia\\\/\"}]}<\/script>\n<!-- \/ Yoast SEO plugin. -->","yoast_head_json":{"title":"Robert CLEVIER - 2025 - \"Au Ferret, aux bords\" - Saskia Gallery","robots":{"index":"index","follow":"follow","max-snippet":"max-snippet:-1","max-image-preview":"max-image-preview:large","max-video-preview":"max-video-preview:-1"},"canonical":"https:\/\/saskiagallery.fr\/index.php\/2025\/03\/18\/robert-clevier-2025-au-ferret-aux-bords\/","og_locale":"fr_FR","og_type":"article","og_title":"Robert CLEVIER - 2025 - \"Au Ferret, aux bords\" - Saskia Gallery","og_description":"Robert CLEVIER &#8211; 2025 &#8211; \u00a0\u00bb Au Ferret, aux bords \u00ab\u00a0 Biographie Bibliographie \u00a0\u00bb Au Ferret, aux bords \u00ab\u00a0 Invitation \u00ab\u00a0Au Ferret, aux bords\u00a0\u00bb &#8211; Paris 2025 https:\/\/saskiagallery.fr\/wp-content\/uploads\/2025\/06\/Film-exposition-05-2025.mp4#t=1 Mots de l&rsquo;artiste Robert Cl\u00e9vier, exposition \u00ab Au Ferret, aux bords \u00bb, dessins et tableaux 2015-2018. Entretien avec Nathalie Gruska Flornoy, d\u00e9cembre 2024 NGF. \u2014 Dix ans&hellip;&nbsp;Lire la suite &raquo;Robert CLEVIER &#8211; 2025 &#8211; \u00ab\u00a0Au Ferret, aux bords\u00a0\u00bb","og_url":"https:\/\/saskiagallery.fr\/index.php\/2025\/03\/18\/robert-clevier-2025-au-ferret-aux-bords\/","og_site_name":"Saskia Gallery","article_published_time":"2025-03-18T09:20:09+00:00","article_modified_time":"2025-12-03T09:33:48+00:00","og_image":[{"width":1749,"height":1215,"url":"https:\/\/saskiagallery.fr\/wp-content\/uploads\/2025\/03\/Carton_invitation_recto_ferret.jpg","type":"image\/jpeg"}],"author":"Pascal MARETS","twitter_card":"summary_large_image","twitter_misc":{"\u00c9crit par":"Pascal MARETS","Dur\u00e9e de lecture estim\u00e9e":"9 minutes"},"schema":{"@context":"https:\/\/schema.org","@graph":[{"@type":"Article","@id":"https:\/\/saskiagallery.fr\/index.php\/2025\/03\/18\/robert-clevier-2025-au-ferret-aux-bords\/#article","isPartOf":{"@id":"https:\/\/saskiagallery.fr\/index.php\/2025\/03\/18\/robert-clevier-2025-au-ferret-aux-bords\/"},"author":{"name":"Pascal MARETS","@id":"https:\/\/saskiagallery.fr\/#\/schema\/person\/a579a20dc36e110ff132d139f34963a0"},"headline":"Robert CLEVIER &#8211; 2025 &#8211; \u00ab\u00a0Au Ferret, aux bords\u00a0\u00bb","datePublished":"2025-03-18T09:20:09+00:00","dateModified":"2025-12-03T09:33:48+00:00","mainEntityOfPage":{"@id":"https:\/\/saskiagallery.fr\/index.php\/2025\/03\/18\/robert-clevier-2025-au-ferret-aux-bords\/"},"wordCount":1705,"publisher":{"@id":"https:\/\/saskiagallery.fr\/#organization"},"image":{"@id":"https:\/\/saskiagallery.fr\/index.php\/2025\/03\/18\/robert-clevier-2025-au-ferret-aux-bords\/#primaryimage"},"thumbnailUrl":"https:\/\/saskiagallery.fr\/wp-content\/uploads\/2025\/03\/Carton_invitation_recto_ferret.jpg","articleSection":["Expositions"],"inLanguage":"fr-FR"},{"@type":"WebPage","@id":"https:\/\/saskiagallery.fr\/index.php\/2025\/03\/18\/robert-clevier-2025-au-ferret-aux-bords\/","url":"https:\/\/saskiagallery.fr\/index.php\/2025\/03\/18\/robert-clevier-2025-au-ferret-aux-bords\/","name":"Robert CLEVIER - 2025 - \"Au Ferret, aux bords\" - Saskia Gallery","isPartOf":{"@id":"https:\/\/saskiagallery.fr\/#website"},"primaryImageOfPage":{"@id":"https:\/\/saskiagallery.fr\/index.php\/2025\/03\/18\/robert-clevier-2025-au-ferret-aux-bords\/#primaryimage"},"image":{"@id":"https:\/\/saskiagallery.fr\/index.php\/2025\/03\/18\/robert-clevier-2025-au-ferret-aux-bords\/#primaryimage"},"thumbnailUrl":"https:\/\/saskiagallery.fr\/wp-content\/uploads\/2025\/03\/Carton_invitation_recto_ferret.jpg","datePublished":"2025-03-18T09:20:09+00:00","dateModified":"2025-12-03T09:33:48+00:00","breadcrumb":{"@id":"https:\/\/saskiagallery.fr\/index.php\/2025\/03\/18\/robert-clevier-2025-au-ferret-aux-bords\/#breadcrumb"},"inLanguage":"fr-FR","potentialAction":[{"@type":"ReadAction","target":["https:\/\/saskiagallery.fr\/index.php\/2025\/03\/18\/robert-clevier-2025-au-ferret-aux-bords\/"]}]},{"@type":"ImageObject","inLanguage":"fr-FR","@id":"https:\/\/saskiagallery.fr\/index.php\/2025\/03\/18\/robert-clevier-2025-au-ferret-aux-bords\/#primaryimage","url":"https:\/\/saskiagallery.fr\/wp-content\/uploads\/2025\/03\/Carton_invitation_recto_ferret.jpg","contentUrl":"https:\/\/saskiagallery.fr\/wp-content\/uploads\/2025\/03\/Carton_invitation_recto_ferret.jpg","width":1749,"height":1215},{"@type":"BreadcrumbList","@id":"https:\/\/saskiagallery.fr\/index.php\/2025\/03\/18\/robert-clevier-2025-au-ferret-aux-bords\/#breadcrumb","itemListElement":[{"@type":"ListItem","position":1,"name":"Accueil","item":"https:\/\/saskiagallery.fr\/"},{"@type":"ListItem","position":2,"name":"Robert CLEVIER &#8211; 2025 &#8211; \u00ab\u00a0Au Ferret, aux bords\u00a0\u00bb"}]},{"@type":"WebSite","@id":"https:\/\/saskiagallery.fr\/#website","url":"https:\/\/saskiagallery.fr\/","name":"Saskia Gallery","description":"Galerie d&#039;artistes contemporains - Vente en ligne","publisher":{"@id":"https:\/\/saskiagallery.fr\/#organization"},"potentialAction":[{"@type":"SearchAction","target":{"@type":"EntryPoint","urlTemplate":"https:\/\/saskiagallery.fr\/?s={search_term_string}"},"query-input":{"@type":"PropertyValueSpecification","valueRequired":true,"valueName":"search_term_string"}}],"inLanguage":"fr-FR"},{"@type":"Organization","@id":"https:\/\/saskiagallery.fr\/#organization","name":"Saskia Gallery PARIS","url":"https:\/\/saskiagallery.fr\/","logo":{"@type":"ImageObject","inLanguage":"fr-FR","@id":"https:\/\/saskiagallery.fr\/#\/schema\/logo\/image\/","url":"https:\/\/i0.wp.com\/saskiagallery.fr\/wp-content\/uploads\/2022\/02\/logo_saskiagallerygd.jpg?fit=575%2C188&ssl=1","contentUrl":"https:\/\/i0.wp.com\/saskiagallery.fr\/wp-content\/uploads\/2022\/02\/logo_saskiagallerygd.jpg?fit=575%2C188&ssl=1","width":575,"height":188,"caption":"Saskia Gallery PARIS"},"image":{"@id":"https:\/\/saskiagallery.fr\/#\/schema\/logo\/image\/"}},{"@type":"Person","@id":"https:\/\/saskiagallery.fr\/#\/schema\/person\/a579a20dc36e110ff132d139f34963a0","name":"Pascal MARETS","image":{"@type":"ImageObject","inLanguage":"fr-FR","@id":"https:\/\/secure.gravatar.com\/avatar\/e3fbb13ef978f5b7ae9c9a70c4a973c677718f4e599b358385e47a270862c815?s=96&r=g","url":"https:\/\/secure.gravatar.com\/avatar\/e3fbb13ef978f5b7ae9c9a70c4a973c677718f4e599b358385e47a270862c815?s=96&r=g","contentUrl":"https:\/\/secure.gravatar.com\/avatar\/e3fbb13ef978f5b7ae9c9a70c4a973c677718f4e599b358385e47a270862c815?s=96&r=g","caption":"Pascal MARETS"},"url":"https:\/\/saskiagallery.fr\/index.php\/author\/mastersaskia\/"}]}},"jetpack_featured_media_url":"https:\/\/saskiagallery.fr\/wp-content\/uploads\/2025\/03\/Carton_invitation_recto_ferret.jpg","jetpack_sharing_enabled":true,"_links":{"self":[{"href":"https:\/\/saskiagallery.fr\/index.php\/wp-json\/wp\/v2\/posts\/7937","targetHints":{"allow":["GET"]}}],"collection":[{"href":"https:\/\/saskiagallery.fr\/index.php\/wp-json\/wp\/v2\/posts"}],"about":[{"href":"https:\/\/saskiagallery.fr\/index.php\/wp-json\/wp\/v2\/types\/post"}],"author":[{"embeddable":true,"href":"https:\/\/saskiagallery.fr\/index.php\/wp-json\/wp\/v2\/users\/2"}],"replies":[{"embeddable":true,"href":"https:\/\/saskiagallery.fr\/index.php\/wp-json\/wp\/v2\/comments?post=7937"}],"version-history":[{"count":19,"href":"https:\/\/saskiagallery.fr\/index.php\/wp-json\/wp\/v2\/posts\/7937\/revisions"}],"predecessor-version":[{"id":8159,"href":"https:\/\/saskiagallery.fr\/index.php\/wp-json\/wp\/v2\/posts\/7937\/revisions\/8159"}],"wp:featuredmedia":[{"embeddable":true,"href":"https:\/\/saskiagallery.fr\/index.php\/wp-json\/wp\/v2\/media\/7920"}],"wp:attachment":[{"href":"https:\/\/saskiagallery.fr\/index.php\/wp-json\/wp\/v2\/media?parent=7937"}],"wp:term":[{"taxonomy":"category","embeddable":true,"href":"https:\/\/saskiagallery.fr\/index.php\/wp-json\/wp\/v2\/categories?post=7937"},{"taxonomy":"post_tag","embeddable":true,"href":"https:\/\/saskiagallery.fr\/index.php\/wp-json\/wp\/v2\/tags?post=7937"}],"curies":[{"name":"wp","href":"https:\/\/api.w.org\/{rel}","templated":true}]}}