{"id":8144,"date":"2025-12-03T10:30:43","date_gmt":"2025-12-03T09:30:43","guid":{"rendered":"https:\/\/saskiagallery.fr\/?p=8144"},"modified":"2025-12-12T15:40:01","modified_gmt":"2025-12-12T14:40:01","slug":"robert-clevier-2025-paysages-des-passages","status":"publish","type":"post","link":"https:\/\/saskiagallery.fr\/index.php\/2025\/12\/03\/robert-clevier-2025-paysages-des-passages\/","title":{"rendered":"Robert CLEVIER &#8211; 2025 &#8211; \u00ab\u00a0Paysages, des passages\u00a0\u00bb"},"content":{"rendered":"\t\t<div data-elementor-type=\"wp-post\" data-elementor-id=\"8144\" class=\"elementor elementor-8144\" data-elementor-post-type=\"post\">\n\t\t\t\t\t\t<section data-particle_enable=\"false\" data-particle-mobile-disabled=\"false\" class=\"elementor-section elementor-top-section elementor-element elementor-element-418b169 elementor-section-boxed elementor-section-height-default elementor-section-height-default\" data-id=\"418b169\" data-element_type=\"section\" data-e-type=\"section\">\n\t\t\t\t\t\t<div class=\"elementor-container elementor-column-gap-default\">\n\t\t\t\t\t<div class=\"elementor-column elementor-col-100 elementor-top-column elementor-element elementor-element-2b8f50a\" data-id=\"2b8f50a\" data-element_type=\"column\" data-e-type=\"column\">\n\t\t\t<div class=\"elementor-widget-wrap elementor-element-populated\">\n\t\t\t\t\t\t<div class=\"elementor-element elementor-element-f90e1bc elementor-fixed elementor-widget elementor-widget-image\" data-id=\"f90e1bc\" data-element_type=\"widget\" data-e-type=\"widget\" data-settings=\"{&quot;_position&quot;:&quot;fixed&quot;}\" data-widget_type=\"image.default\">\n\t\t\t\t<div class=\"elementor-widget-container\">\n\t\t\t\t\t\t\t\t\t\t\t\t\t\t\t\t<a href=\"https:\/\/saskiagallery.fr\/index.php\/2025\/12\/03\/robert-clevier-2025-landscapes-passages\/\">\n\t\t\t\t\t\t\t<img decoding=\"async\" width=\"43\" height=\"43\" src=\"https:\/\/saskiagallery.fr\/wp-content\/uploads\/2022\/12\/en_language.png\" class=\"attachment-full size-full wp-image-5563\" alt=\"\" \/>\t\t\t\t\t\t\t\t<\/a>\n\t\t\t\t\t\t\t\t\t\t\t\t\t\t\t<\/div>\n\t\t\t\t<\/div>\n\t\t\t\t\t<\/div>\n\t\t<\/div>\n\t\t\t\t\t<\/div>\n\t\t<\/section>\n\t\t\t\t<section data-particle_enable=\"false\" data-particle-mobile-disabled=\"false\" class=\"elementor-section elementor-top-section elementor-element elementor-element-0adb4a1 elementor-section-boxed elementor-section-height-default elementor-section-height-default\" data-id=\"0adb4a1\" data-element_type=\"section\" data-e-type=\"section\">\n\t\t\t\t\t\t<div class=\"elementor-container elementor-column-gap-default\">\n\t\t\t\t\t<div class=\"elementor-column elementor-col-100 elementor-top-column elementor-element elementor-element-dc266ae\" data-id=\"dc266ae\" data-element_type=\"column\" data-e-type=\"column\">\n\t\t\t<div class=\"elementor-widget-wrap elementor-element-populated\">\n\t\t\t\t\t\t<div class=\"elementor-element elementor-element-47834c5 animated-slow elementor-invisible elementor-widget elementor-widget-heading\" data-id=\"47834c5\" data-element_type=\"widget\" data-e-type=\"widget\" data-settings=\"{&quot;_animation&quot;:&quot;fadeInLeft&quot;}\" data-widget_type=\"heading.default\">\n\t\t\t\t<div class=\"elementor-widget-container\">\n\t\t\t\t\t<h2 class=\"elementor-heading-title elementor-size-default\">Robert CLEVIER - 2025 - \" Paysages, des passages \"<\/h2>\t\t\t\t<\/div>\n\t\t\t\t<\/div>\n\t\t\t\t<div class=\"elementor-element elementor-element-6d5a172 elementor-widget-divider--view-line elementor-invisible elementor-widget elementor-widget-divider\" data-id=\"6d5a172\" data-element_type=\"widget\" data-e-type=\"widget\" data-settings=\"{&quot;_animation&quot;:&quot;fadeInLeft&quot;}\" data-widget_type=\"divider.default\">\n\t\t\t\t<div class=\"elementor-widget-container\">\n\t\t\t\t\t\t\t<div class=\"elementor-divider\">\n\t\t\t<span class=\"elementor-divider-separator\">\n\t\t\t\t\t\t<\/span>\n\t\t<\/div>\n\t\t\t\t\t\t<\/div>\n\t\t\t\t<\/div>\n\t\t\t\t<div class=\"elementor-element elementor-element-c129bd2 elementor-icon-list--layout-traditional elementor-list-item-link-full_width elementor-invisible elementor-widget elementor-widget-icon-list\" data-id=\"c129bd2\" data-element_type=\"widget\" data-e-type=\"widget\" data-settings=\"{&quot;_animation&quot;:&quot;fadeIn&quot;}\" data-widget_type=\"icon-list.default\">\n\t\t\t\t<div class=\"elementor-widget-container\">\n\t\t\t\t\t\t\t<ul class=\"elementor-icon-list-items\">\n\t\t\t\t\t\t\t<li class=\"elementor-icon-list-item\">\n\t\t\t\t\t\t\t\t\t\t\t<a href=\"https:\/\/saskiagallery.fr\/index.php\/2022\/09\/08\/robert-clevier\/\">\n\n\t\t\t\t\t\t\t\t\t\t\t\t<span class=\"elementor-icon-list-icon\">\n\t\t\t\t\t\t\t<i aria-hidden=\"true\" class=\"fas fa-arrow-right\"><\/i>\t\t\t\t\t\t<\/span>\n\t\t\t\t\t\t\t\t\t\t<span class=\"elementor-icon-list-text\">Biographie<\/span>\n\t\t\t\t\t\t\t\t\t\t\t<\/a>\n\t\t\t\t\t\t\t\t\t<\/li>\n\t\t\t\t\t\t\t\t<li class=\"elementor-icon-list-item\">\n\t\t\t\t\t\t\t\t\t\t\t<a href=\"https:\/\/saskiagallery.fr\/index.php\/2022\/03\/10\/bibliographie-robert-clevier\/\">\n\n\t\t\t\t\t\t\t\t\t\t\t\t<span class=\"elementor-icon-list-icon\">\n\t\t\t\t\t\t\t<i aria-hidden=\"true\" class=\"fas fa-arrow-right\"><\/i>\t\t\t\t\t\t<\/span>\n\t\t\t\t\t\t\t\t\t\t<span class=\"elementor-icon-list-text\">Bibliographie<\/span>\n\t\t\t\t\t\t\t\t\t\t\t<\/a>\n\t\t\t\t\t\t\t\t\t<\/li>\n\t\t\t\t\t\t<\/ul>\n\t\t\t\t\t\t<\/div>\n\t\t\t\t<\/div>\n\t\t\t\t\t<\/div>\n\t\t<\/div>\n\t\t\t\t\t<\/div>\n\t\t<\/section>\n\t\t\t\t<section data-particle_enable=\"false\" data-particle-mobile-disabled=\"false\" class=\"elementor-section elementor-top-section elementor-element elementor-element-1bf752a4 elementor-section-boxed elementor-section-height-default elementor-section-height-default\" data-id=\"1bf752a4\" data-element_type=\"section\" data-e-type=\"section\">\n\t\t\t\t\t\t<div class=\"elementor-container elementor-column-gap-default\">\n\t\t\t\t\t<div class=\"elementor-column elementor-col-100 elementor-top-column elementor-element elementor-element-620b54c4\" data-id=\"620b54c4\" data-element_type=\"column\" data-e-type=\"column\">\n\t\t\t<div class=\"elementor-widget-wrap elementor-element-populated\">\n\t\t\t\t\t\t<section data-particle_enable=\"false\" data-particle-mobile-disabled=\"false\" class=\"elementor-section elementor-inner-section elementor-element elementor-element-80e7a68 elementor-section-full_width elementor-section-height-default elementor-section-height-default\" data-id=\"80e7a68\" data-element_type=\"section\" data-e-type=\"section\">\n\t\t\t\t\t\t<div class=\"elementor-container elementor-column-gap-default\">\n\t\t\t\t\t<div class=\"elementor-column elementor-col-50 elementor-inner-column elementor-element elementor-element-7b22165\" data-id=\"7b22165\" data-element_type=\"column\" data-e-type=\"column\">\n\t\t\t<div class=\"elementor-widget-wrap elementor-element-populated\">\n\t\t\t\t\t\t<div class=\"elementor-element elementor-element-42ed31a animated-slow elementor-invisible elementor-widget elementor-widget-image\" data-id=\"42ed31a\" data-element_type=\"widget\" data-e-type=\"widget\" data-settings=\"{&quot;_animation&quot;:&quot;zoomIn&quot;}\" data-widget_type=\"image.default\">\n\t\t\t\t<div class=\"elementor-widget-container\">\n\t\t\t\t\t\t\t\t\t\t\t\t\t\t\t<img decoding=\"async\" src=\"https:\/\/saskiagallery.fr\/wp-content\/uploads\/elementor\/thumbs\/expo-puib4mx1g6jpm1bk7nvcg1zmhz0vdzwl01ku4mezqs.png\" title=\"expo\" alt=\"expo\" loading=\"lazy\" \/>\t\t\t\t\t\t\t\t\t\t\t\t\t\t\t<\/div>\n\t\t\t\t<\/div>\n\t\t\t\t\t<\/div>\n\t\t<\/div>\n\t\t\t\t<div class=\"elementor-column elementor-col-50 elementor-inner-column elementor-element elementor-element-9d5ad5c\" data-id=\"9d5ad5c\" data-element_type=\"column\" data-e-type=\"column\">\n\t\t\t<div class=\"elementor-widget-wrap elementor-element-populated\">\n\t\t\t\t\t\t<div class=\"elementor-element elementor-element-005a282 animated-slow elementor-invisible elementor-widget elementor-widget-heading\" data-id=\"005a282\" data-element_type=\"widget\" data-e-type=\"widget\" data-settings=\"{&quot;_animation&quot;:&quot;fadeIn&quot;}\" data-widget_type=\"heading.default\">\n\t\t\t\t<div class=\"elementor-widget-container\">\n\t\t\t\t\t<h2 class=\"elementor-heading-title elementor-size-default\">\" Paysages, des passages \"<\/h2>\t\t\t\t<\/div>\n\t\t\t\t<\/div>\n\t\t\t\t\t<\/div>\n\t\t<\/div>\n\t\t\t\t\t<\/div>\n\t\t<\/section>\n\t\t\t\t<section data-particle_enable=\"false\" data-particle-mobile-disabled=\"false\" class=\"elementor-section elementor-inner-section elementor-element elementor-element-e48a32d elementor-section-full_width elementor-section-height-default elementor-section-height-default\" data-id=\"e48a32d\" data-element_type=\"section\" data-e-type=\"section\">\n\t\t\t\t\t\t<div class=\"elementor-container elementor-column-gap-no\">\n\t\t\t\t\t<div class=\"elementor-column elementor-col-50 elementor-inner-column elementor-element elementor-element-f6ab2ef\" data-id=\"f6ab2ef\" data-element_type=\"column\" data-e-type=\"column\">\n\t\t\t<div class=\"elementor-widget-wrap elementor-element-populated\">\n\t\t\t\t\t\t<div class=\"elementor-element elementor-element-49b63eb elementor--h-position-center elementor--v-position-middle elementor-arrows-position-inside elementor-widget elementor-widget-slides\" data-id=\"49b63eb\" data-element_type=\"widget\" data-e-type=\"widget\" data-settings=\"{&quot;navigation&quot;:&quot;arrows&quot;,&quot;autoplay&quot;:&quot;yes&quot;,&quot;pause_on_hover&quot;:&quot;yes&quot;,&quot;pause_on_interaction&quot;:&quot;yes&quot;,&quot;autoplay_speed&quot;:5000,&quot;infinite&quot;:&quot;yes&quot;,&quot;transition&quot;:&quot;slide&quot;,&quot;transition_speed&quot;:500}\" data-widget_type=\"slides.default\">\n\t\t\t\t<div class=\"elementor-widget-container\">\n\t\t\t\t\t\t\t\t\t<div class=\"elementor-swiper\">\n\t\t\t\t\t<div class=\"elementor-slides-wrapper elementor-main-swiper swiper\" role=\"region\" aria-roledescription=\"carousel\" aria-label=\"Diapositives\" dir=\"ltr\" data-animation=\"fadeInUp\">\n\t\t\t\t<div class=\"swiper-wrapper elementor-slides\">\n\t\t\t\t\t\t\t\t\t\t<div class=\"elementor-repeater-item-3f07826 swiper-slide\" role=\"group\" aria-roledescription=\"slide\"><div class=\"swiper-slide-bg\" role=\"img\"><\/div><div class=\"swiper-slide-inner\" ><div class=\"swiper-slide-contents\"><\/div><\/div><\/div><div class=\"elementor-repeater-item-8ec4a37 swiper-slide\" role=\"group\" aria-roledescription=\"slide\"><div class=\"swiper-slide-bg\" role=\"img\"><\/div><div class=\"swiper-slide-inner\" ><div class=\"swiper-slide-contents\"><\/div><\/div><\/div>\t\t\t\t<\/div>\n\t\t\t\t\t\t\t\t\t\t\t\t\t\t\t<div class=\"elementor-swiper-button elementor-swiper-button-prev\" role=\"button\" tabindex=\"0\" aria-label=\"Diapositive pr\u00e9c\u00e9dente\">\n\t\t\t\t\t\t\t<i aria-hidden=\"true\" class=\"eicon-chevron-left\"><\/i>\t\t\t\t\t\t<\/div>\n\t\t\t\t\t\t<div class=\"elementor-swiper-button elementor-swiper-button-next\" role=\"button\" tabindex=\"0\" aria-label=\"Diapositive suivante\">\n\t\t\t\t\t\t\t<i aria-hidden=\"true\" class=\"eicon-chevron-right\"><\/i>\t\t\t\t\t\t<\/div>\n\t\t\t\t\t\t\t\t\t\t\t\t\t\t\t\t\t<\/div>\n\t\t\t\t<\/div>\n\t\t\t\t\t\t\t\t<\/div>\n\t\t\t\t<\/div>\n\t\t\t\t<div class=\"elementor-element elementor-element-6b635ba elementor-widget elementor-widget-text-editor\" data-id=\"6b635ba\" data-element_type=\"widget\" data-e-type=\"widget\" data-widget_type=\"text-editor.default\">\n\t\t\t\t<div class=\"elementor-widget-container\">\n\t\t\t\t\t\t\t\t\t<p><strong>Invitation \u00a0\u00bb <\/strong><strong>Paysages, des passages <\/strong><strong>\u00a0\u00bb &#8211; Paris 2025<\/strong><\/p>\t\t\t\t\t\t\t\t<\/div>\n\t\t\t\t<\/div>\n\t\t\t\t\t<\/div>\n\t\t<\/div>\n\t\t\t\t<div class=\"elementor-column elementor-col-50 elementor-inner-column elementor-element elementor-element-bd15fb3\" data-id=\"bd15fb3\" data-element_type=\"column\" data-e-type=\"column\">\n\t\t\t<div class=\"elementor-widget-wrap elementor-element-populated\">\n\t\t\t\t\t\t<div class=\"elementor-element elementor-element-5dd24f1 elementor-widget elementor-widget-video\" data-id=\"5dd24f1\" data-element_type=\"widget\" data-e-type=\"widget\" data-settings=\"{&quot;video_type&quot;:&quot;hosted&quot;,&quot;start&quot;:1,&quot;controls&quot;:&quot;yes&quot;}\" data-widget_type=\"video.default\">\n\t\t\t\t<div class=\"elementor-widget-container\">\n\t\t\t\t\t\t\t<div class=\"e-hosted-video elementor-wrapper elementor-open-inline\">\n\t\t\t\t\t<video class=\"elementor-video\" src=\"https:\/\/saskiagallery.fr\/wp-content\/uploads\/2025\/12\/Film-exposition-11_2025.mp4#t=1\" controls=\"\" preload=\"metadata\" controlsList=\"nodownload\"><\/video>\n\t\t\t\t<\/div>\n\t\t\t\t\t\t<\/div>\n\t\t\t\t<\/div>\n\t\t\t\t\t<\/div>\n\t\t<\/div>\n\t\t\t\t\t<\/div>\n\t\t<\/section>\n\t\t\t\t\t<\/div>\n\t\t<\/div>\n\t\t\t\t\t<\/div>\n\t\t<\/section>\n\t\t\t\t<section data-particle_enable=\"false\" data-particle-mobile-disabled=\"false\" class=\"elementor-section elementor-top-section elementor-element elementor-element-b7288fc elementor-section-boxed elementor-section-height-default elementor-section-height-default\" data-id=\"b7288fc\" data-element_type=\"section\" data-e-type=\"section\">\n\t\t\t\t\t\t<div class=\"elementor-container elementor-column-gap-default\">\n\t\t\t\t\t<div class=\"elementor-column elementor-col-100 elementor-top-column elementor-element elementor-element-1ae12a8\" data-id=\"1ae12a8\" data-element_type=\"column\" data-e-type=\"column\">\n\t\t\t<div class=\"elementor-widget-wrap elementor-element-populated\">\n\t\t\t\t\t\t<section data-particle_enable=\"false\" data-particle-mobile-disabled=\"false\" class=\"elementor-section elementor-inner-section elementor-element elementor-element-1f48196 elementor-section-boxed elementor-section-height-default elementor-section-height-default\" data-id=\"1f48196\" data-element_type=\"section\" data-e-type=\"section\">\n\t\t\t\t\t\t<div class=\"elementor-container elementor-column-gap-default\">\n\t\t\t\t\t<div class=\"elementor-column elementor-col-50 elementor-inner-column elementor-element elementor-element-f13461e\" data-id=\"f13461e\" data-element_type=\"column\" data-e-type=\"column\">\n\t\t\t<div class=\"elementor-widget-wrap elementor-element-populated\">\n\t\t\t\t\t\t<div class=\"elementor-element elementor-element-f3a5da3 animated-slow elementor-invisible elementor-widget elementor-widget-image\" data-id=\"f3a5da3\" data-element_type=\"widget\" data-e-type=\"widget\" data-settings=\"{&quot;_animation&quot;:&quot;zoomIn&quot;}\" data-widget_type=\"image.default\">\n\t\t\t\t<div class=\"elementor-widget-container\">\n\t\t\t\t\t\t\t\t\t\t\t\t\t\t\t<img decoding=\"async\" src=\"https:\/\/saskiagallery.fr\/wp-content\/uploads\/elementor\/thumbs\/expo-puib4mx1g6jpm1bk7nvcg1zmhz0vdzwl01ku4mezqs.png\" title=\"expo\" alt=\"expo\" loading=\"lazy\" \/>\t\t\t\t\t\t\t\t\t\t\t\t\t\t\t<\/div>\n\t\t\t\t<\/div>\n\t\t\t\t\t<\/div>\n\t\t<\/div>\n\t\t\t\t<div class=\"elementor-column elementor-col-50 elementor-inner-column elementor-element elementor-element-90acad2\" data-id=\"90acad2\" data-element_type=\"column\" data-e-type=\"column\">\n\t\t\t<div class=\"elementor-widget-wrap elementor-element-populated\">\n\t\t\t\t\t\t<div class=\"elementor-element elementor-element-1d53bef animated-slow elementor-invisible elementor-widget elementor-widget-heading\" data-id=\"1d53bef\" data-element_type=\"widget\" data-e-type=\"widget\" data-settings=\"{&quot;_animation&quot;:&quot;fadeIn&quot;}\" data-widget_type=\"heading.default\">\n\t\t\t\t<div class=\"elementor-widget-container\">\n\t\t\t\t\t<h2 class=\"elementor-heading-title elementor-size-default\">Mots de l'artiste<\/h2>\t\t\t\t<\/div>\n\t\t\t\t<\/div>\n\t\t\t\t\t<\/div>\n\t\t<\/div>\n\t\t\t\t\t<\/div>\n\t\t<\/section>\n\t\t\t\t<div class=\"elementor-element elementor-element-3cad08a elementor-widget elementor-widget-text-editor\" data-id=\"3cad08a\" data-element_type=\"widget\" data-e-type=\"widget\" data-widget_type=\"text-editor.default\">\n\t\t\t\t<div class=\"elementor-widget-container\">\n\t\t\t\t\t\t\t\t\t<p><strong>Robert Cl\u00e9vier, exposition <\/strong><em><strong>\u00ab\u00a0<\/strong><\/em><em><strong>Paysages, des passages<\/strong><\/em><em><strong>\u00bb, <\/strong><\/em><strong>dessins et tableaux <\/strong><\/p><p><strong>2008-14.<\/strong><\/p><p><strong>Entretien avec Nathalie Gruska Flornoy, d\u00e9cembre 2024<\/strong><\/p><h3>PAYSAGE, DES PASSAGES<\/h3><p><em>NGF &#8211; Les titres de ces tableaux, r\u00e9unis sous le titre de \u00ab\u00a0Paysages, des passages\u00a0\u00bb, se r\u00e9f\u00e8rent \u00e0 des lieux particuliers o\u00f9 vous travaillez.<\/em><\/p><p>RC &#8211;\u00a0Ces caract\u00e8res locaux concrets suppos\u00e9s suffiraient-ils \u00e0 en faire des paysages? N\u2019est-ce pas au contraire leur vis-\u00e0-vis, \u00ab\u00a0l\u2019environnement\u00a0\u00bb, mot imp\u00e9rieux, r\u00e9duction du multiple \u00e0 une unique possibilit\u00e9, qui ici et peut-\u00eatre d\u00e9sormais, d\u00e9tiendrait le pouvoir d\u2019interroger les lieux, le verbe \u00ab\u00a0habiter\u00a0\u00bb, etc. ?\u00a0<\/p><p><em>NGF &#8211; Ce que vos tableaux questionnent, est-ce l\u2019habitabilit\u00e9 actuelle du monde, du r\u00e9el ?<\/em>\u00a0<\/p><p>RC &#8211; S\u2019il existe un \u00ab\u00a0lieu\u00a0\u00bb qui m\u2019habite &#8211; que je puisse habiter, c\u2019est peindre.\u00a0<\/p><p style=\"text-align: center;\">*<\/p><p><em>NGF. &#8211; Peut-on parler de vos techniques ?<\/em><\/p><p>RC &#8211; Au magasin de couleurs, j\u2019ach\u00e8te du liant acrylique, des tubes de \u00ab\u00a0couleurs\u00a0\u00bb et des oxydes m\u00e9talliques purs, en poudres.<\/p><p><em>NGF &#8211; Vous payez \u00e0 la caisse.<\/em><\/p><p>RC &#8211; Rentr\u00e9 chez moi, je r\u00e9alise mes pr\u00e9parations : quelques grammes de \u00ab\u00a0couleur\u00a0\u00bb dilu\u00e9s dans une grande quantit\u00e9 de liant acrylique ; la \u00ab\u00a0couleur\u00a0\u00bb de ces laits translucides est donc extr\u00eamement faible, \u00e0 la limite du discernable, de l\u2019identifiable lorsqu\u2019ils sont employ\u00e9s en films minces.\u00a0<\/p><p>La r\u00e8gle veut que pour chaque tableau jusqu\u2019\u00e0 la fin de sa r\u00e9alisation, j\u2019utilise trois primaires : tel jaune, tel rouge, tel bleu, que j\u2019applique en touches, et en glacis que si vous le voulez bien nous appellerons J, R, B. Selon que ce sont des glacis J, R, J, B, R, B, J etc., qui sont superpos\u00e9s, ou bien J, B, J, B, R, R, etc., une \u00ab\u00a0teinte\u00a0\u00bb particuli\u00e8re devient\u00a0peu \u00e0 peu perceptible, se pr\u00e9cise sans perdre son appartenance \u00e0 un registre inabouti, non fini.\u00a0<\/p><p><em>NGF &#8211; Vous parlez de l\u2019emploi de trois primaires comme d\u2019une \u00ab\u00a0r\u00e8gle\u00a0\u00bb.<\/em><\/p><p>RC &#8211; Il est d\u2019entr\u00e9e n\u00e9cessaire de d\u00e9truire les r\u00e9f\u00e9rences p\u00e9trifi\u00e9es, et en particulier, de pr\u00e9parer les conditions dans lesquelles tel m\u00e9lange de \u00ab\u00a0couleurs\u00a0\u00bb et de textures sera clairement et par exception acceptable.<\/p><p>Plus limit\u00e9 est le palettier, plus forte est la sollicitation de gestes particuliers, plus n\u00e9cessaires les diff\u00e9rences entre les fa\u00e7ons de poser, de d\u00e9poser, d\u2019\u00e9tirer, de lisser, etc., ces gels, c\u2019est \u00e0 dire sont sp\u00e9cifiques \u00e0 telle situation les conduites de la circulation de la lumi\u00e8re entre les couches, encore une fois quasi-transparentes.<\/p><p>Les \u00ab\u00a0couleurs\u00a0\u00bb ? Elles me concernent en tant que mon travail avec la lumi\u00e8re les fait \u00e9chapper aux d\u00e9finitions ; tant qu\u2019ici ne se produisent ni saturations plastiques ou graphiques, ni \u00e9v\u00e8nement pictural. Qu\u2019un devenir par soi se pr\u00e9sente.<\/p><p style=\"text-align: center;\">*<\/p><p><em>NGF &#8211; Paysages, alors &#8211; de quoi ? S\u2019il n \u2018y a rien de fix\u00e9\u2026<\/em><\/p><p>RC &#8211; Peindre, est-ce accepter, en actes, l\u2019intuition \u00ab\u00a0esth\u00e9tique\u00a0\u00bb qui m\u2019est d\u2019abord venue ? si oui, que signifie ce consentement, cet agir sans qu\u2019une articulation existe ou soit consciemment cherch\u00e9e, qui organiserait des rapports sens\u00e9s entre ces deux r\u00e9alit\u00e9s ? Chacune para\u00eet ob\u00e9ir \u00e0 ses propres lois; deux autonomies se niant r\u00e9ciproquement, constitueraient-elles les conditions n\u00e9cessaires de la \u00ab\u00a0cr\u00e9ation\u00a0\u00bb d\u2019une forme ?\u00a0<\/p><p>Pour nommer ce rapport, cette vibration sans lien patent, peut-\u00eatre sans causalit\u00e9, il faudrait parler une autre langue, une langue qui exigerait de moi, actuellement, d\u2019entendre mais sans conditions l\u2019intuition premi\u00e8re, comme le permet l\u2019exercice de mon m\u00e9tier, qui sans paroles lui r\u00e9pond. Hors de cette exp\u00e9rience, je ne sais si habiter signifie quelque chose.\u00a0<\/p><p>\u00eatre touch\u00e9, retomber en peinture<\/p><p>toucher l\u2019effroyable privation<\/p>\t\t\t\t\t\t\t\t<\/div>\n\t\t\t\t<\/div>\n\t\t\t\t\t<\/div>\n\t\t<\/div>\n\t\t\t\t\t<\/div>\n\t\t<\/section>\n\t\t\t\t<section data-particle_enable=\"false\" data-particle-mobile-disabled=\"false\" class=\"elementor-section elementor-top-section elementor-element elementor-element-e51e012 elementor-section-boxed elementor-section-height-default elementor-section-height-default\" data-id=\"e51e012\" data-element_type=\"section\" data-e-type=\"section\">\n\t\t\t\t\t\t<div class=\"elementor-container elementor-column-gap-default\">\n\t\t\t\t\t<div class=\"elementor-column elementor-col-100 elementor-top-column elementor-element elementor-element-91e1797\" data-id=\"91e1797\" data-element_type=\"column\" data-e-type=\"column\">\n\t\t\t<div class=\"elementor-widget-wrap elementor-element-populated\">\n\t\t\t\t\t\t<div class=\"elementor-element elementor-element-a39492c elementor-widget elementor-widget-spacer\" data-id=\"a39492c\" data-element_type=\"widget\" data-e-type=\"widget\" data-widget_type=\"spacer.default\">\n\t\t\t\t<div class=\"elementor-widget-container\">\n\t\t\t\t\t\t\t<div class=\"elementor-spacer\">\n\t\t\t<div class=\"elementor-spacer-inner\"><\/div>\n\t\t<\/div>\n\t\t\t\t\t\t<\/div>\n\t\t\t\t<\/div>\n\t\t\t\t\t<\/div>\n\t\t<\/div>\n\t\t\t\t\t<\/div>\n\t\t<\/section>\n\t\t\t\t<\/div>\n\t\t","protected":false},"excerpt":{"rendered":"<p>Robert CLEVIER &#8211; 2025 &#8211; \u00a0\u00bb Paysages, des passages \u00ab\u00a0 Biographie Bibliographie \u00a0\u00bb Paysages, des passages \u00ab\u00a0 Invitation \u00a0\u00bb Paysages, des passages \u00a0\u00bb &#8211; Paris 2025 https:\/\/saskiagallery.fr\/wp-content\/uploads\/2025\/12\/Film-exposition-11_2025.mp4#t=1 Mots de l&rsquo;artiste Robert Cl\u00e9vier, exposition \u00ab\u00a0Paysages, des passages\u00bb, dessins et tableaux 2008-14. Entretien avec Nathalie Gruska Flornoy, d\u00e9cembre 2024 PAYSAGE, DES PASSAGES NGF &#8211; Les titres de&hellip;&nbsp;<a href=\"https:\/\/saskiagallery.fr\/index.php\/2025\/12\/03\/robert-clevier-2025-paysages-des-passages\/\" class=\"\" rel=\"bookmark\">Lire la suite &raquo;<span class=\"screen-reader-text\">Robert CLEVIER &#8211; 2025 &#8211; \u00ab\u00a0Paysages, des passages\u00a0\u00bb<\/span><\/a><\/p>\n","protected":false},"author":2,"featured_media":8110,"comment_status":"closed","ping_status":"closed","sticky":false,"template":"elementor_header_footer","format":"standard","meta":{"_uf_show_specific_survey":0,"_uf_disable_surveys":false,"neve_meta_sidebar":"","neve_meta_container":"","neve_meta_enable_content_width":"","neve_meta_content_width":0,"neve_meta_title_alignment":"","neve_meta_author_avatar":"","neve_post_elements_order":"","neve_meta_disable_header":"","neve_meta_disable_footer":"","neve_meta_disable_title":"","_jetpack_memberships_contains_paid_content":false,"footnotes":""},"categories":[6],"tags":[],"class_list":["post-8144","post","type-post","status-publish","format-standard","has-post-thumbnail","hentry","category-expositions"],"yoast_head":"<!-- This site is optimized with the Yoast SEO plugin v27.4 - https:\/\/yoast.com\/product\/yoast-seo-wordpress\/ -->\n<title>Robert CLEVIER - 2025 - &quot;Paysages, des passages&quot; - Saskia Gallery<\/title>\n<meta name=\"robots\" content=\"index, follow, max-snippet:-1, max-image-preview:large, max-video-preview:-1\" \/>\n<link rel=\"canonical\" href=\"https:\/\/saskiagallery.fr\/index.php\/2025\/12\/03\/robert-clevier-2025-paysages-des-passages\/\" \/>\n<meta property=\"og:locale\" content=\"fr_FR\" \/>\n<meta property=\"og:type\" content=\"article\" \/>\n<meta property=\"og:title\" content=\"Robert CLEVIER - 2025 - &quot;Paysages, des passages&quot; - Saskia Gallery\" \/>\n<meta property=\"og:description\" content=\"Robert CLEVIER &#8211; 2025 &#8211; \u00a0\u00bb Paysages, des passages \u00ab\u00a0 Biographie Bibliographie \u00a0\u00bb Paysages, des passages \u00ab\u00a0 Invitation \u00a0\u00bb Paysages, des passages \u00a0\u00bb &#8211; Paris 2025 https:\/\/saskiagallery.fr\/wp-content\/uploads\/2025\/12\/Film-exposition-11_2025.mp4#t=1 Mots de l&rsquo;artiste Robert Cl\u00e9vier, exposition \u00ab\u00a0Paysages, des passages\u00bb, dessins et tableaux 2008-14. Entretien avec Nathalie Gruska Flornoy, d\u00e9cembre 2024 PAYSAGE, DES PASSAGES NGF &#8211; Les titres de&hellip;&nbsp;Lire la suite &raquo;Robert CLEVIER &#8211; 2025 &#8211; \u00ab\u00a0Paysages, des passages\u00a0\u00bb\" \/>\n<meta property=\"og:url\" content=\"https:\/\/saskiagallery.fr\/index.php\/2025\/12\/03\/robert-clevier-2025-paysages-des-passages\/\" \/>\n<meta property=\"og:site_name\" content=\"Saskia Gallery\" \/>\n<meta property=\"article:published_time\" content=\"2025-12-03T09:30:43+00:00\" \/>\n<meta property=\"article:modified_time\" content=\"2025-12-12T14:40:01+00:00\" \/>\n<meta property=\"og:image\" content=\"https:\/\/saskiagallery.fr\/wp-content\/uploads\/2025\/10\/expo-11-2025-1024x709.png\" \/>\n\t<meta property=\"og:image:width\" content=\"1024\" \/>\n\t<meta property=\"og:image:height\" content=\"709\" \/>\n\t<meta property=\"og:image:type\" content=\"image\/png\" \/>\n<meta name=\"author\" content=\"Pascal MARETS\" \/>\n<meta name=\"twitter:card\" content=\"summary_large_image\" \/>\n<meta name=\"twitter:label1\" content=\"\u00c9crit par\" \/>\n\t<meta name=\"twitter:data1\" content=\"Pascal MARETS\" \/>\n\t<meta name=\"twitter:label2\" content=\"Dur\u00e9e de lecture estim\u00e9e\" \/>\n\t<meta name=\"twitter:data2\" content=\"4 minutes\" \/>\n<script type=\"application\/ld+json\" class=\"yoast-schema-graph\">{\"@context\":\"https:\\\/\\\/schema.org\",\"@graph\":[{\"@type\":\"Article\",\"@id\":\"https:\\\/\\\/saskiagallery.fr\\\/index.php\\\/2025\\\/12\\\/03\\\/robert-clevier-2025-paysages-des-passages\\\/#article\",\"isPartOf\":{\"@id\":\"https:\\\/\\\/saskiagallery.fr\\\/index.php\\\/2025\\\/12\\\/03\\\/robert-clevier-2025-paysages-des-passages\\\/\"},\"author\":{\"name\":\"Pascal MARETS\",\"@id\":\"https:\\\/\\\/saskiagallery.fr\\\/#\\\/schema\\\/person\\\/a579a20dc36e110ff132d139f34963a0\"},\"headline\":\"Robert CLEVIER &#8211; 2025 &#8211; \u00ab\u00a0Paysages, des passages\u00a0\u00bb\",\"datePublished\":\"2025-12-03T09:30:43+00:00\",\"dateModified\":\"2025-12-12T14:40:01+00:00\",\"mainEntityOfPage\":{\"@id\":\"https:\\\/\\\/saskiagallery.fr\\\/index.php\\\/2025\\\/12\\\/03\\\/robert-clevier-2025-paysages-des-passages\\\/\"},\"wordCount\":668,\"publisher\":{\"@id\":\"https:\\\/\\\/saskiagallery.fr\\\/#organization\"},\"image\":{\"@id\":\"https:\\\/\\\/saskiagallery.fr\\\/index.php\\\/2025\\\/12\\\/03\\\/robert-clevier-2025-paysages-des-passages\\\/#primaryimage\"},\"thumbnailUrl\":\"https:\\\/\\\/saskiagallery.fr\\\/wp-content\\\/uploads\\\/2025\\\/10\\\/expo-11-2025.png\",\"articleSection\":[\"Expositions\"],\"inLanguage\":\"fr-FR\"},{\"@type\":\"WebPage\",\"@id\":\"https:\\\/\\\/saskiagallery.fr\\\/index.php\\\/2025\\\/12\\\/03\\\/robert-clevier-2025-paysages-des-passages\\\/\",\"url\":\"https:\\\/\\\/saskiagallery.fr\\\/index.php\\\/2025\\\/12\\\/03\\\/robert-clevier-2025-paysages-des-passages\\\/\",\"name\":\"Robert CLEVIER - 2025 - \\\"Paysages, des passages\\\" - Saskia Gallery\",\"isPartOf\":{\"@id\":\"https:\\\/\\\/saskiagallery.fr\\\/#website\"},\"primaryImageOfPage\":{\"@id\":\"https:\\\/\\\/saskiagallery.fr\\\/index.php\\\/2025\\\/12\\\/03\\\/robert-clevier-2025-paysages-des-passages\\\/#primaryimage\"},\"image\":{\"@id\":\"https:\\\/\\\/saskiagallery.fr\\\/index.php\\\/2025\\\/12\\\/03\\\/robert-clevier-2025-paysages-des-passages\\\/#primaryimage\"},\"thumbnailUrl\":\"https:\\\/\\\/saskiagallery.fr\\\/wp-content\\\/uploads\\\/2025\\\/10\\\/expo-11-2025.png\",\"datePublished\":\"2025-12-03T09:30:43+00:00\",\"dateModified\":\"2025-12-12T14:40:01+00:00\",\"breadcrumb\":{\"@id\":\"https:\\\/\\\/saskiagallery.fr\\\/index.php\\\/2025\\\/12\\\/03\\\/robert-clevier-2025-paysages-des-passages\\\/#breadcrumb\"},\"inLanguage\":\"fr-FR\",\"potentialAction\":[{\"@type\":\"ReadAction\",\"target\":[\"https:\\\/\\\/saskiagallery.fr\\\/index.php\\\/2025\\\/12\\\/03\\\/robert-clevier-2025-paysages-des-passages\\\/\"]}]},{\"@type\":\"ImageObject\",\"inLanguage\":\"fr-FR\",\"@id\":\"https:\\\/\\\/saskiagallery.fr\\\/index.php\\\/2025\\\/12\\\/03\\\/robert-clevier-2025-paysages-des-passages\\\/#primaryimage\",\"url\":\"https:\\\/\\\/saskiagallery.fr\\\/wp-content\\\/uploads\\\/2025\\\/10\\\/expo-11-2025.png\",\"contentUrl\":\"https:\\\/\\\/saskiagallery.fr\\\/wp-content\\\/uploads\\\/2025\\\/10\\\/expo-11-2025.png\",\"width\":2028,\"height\":1404},{\"@type\":\"BreadcrumbList\",\"@id\":\"https:\\\/\\\/saskiagallery.fr\\\/index.php\\\/2025\\\/12\\\/03\\\/robert-clevier-2025-paysages-des-passages\\\/#breadcrumb\",\"itemListElement\":[{\"@type\":\"ListItem\",\"position\":1,\"name\":\"Accueil\",\"item\":\"https:\\\/\\\/saskiagallery.fr\\\/\"},{\"@type\":\"ListItem\",\"position\":2,\"name\":\"Robert CLEVIER &#8211; 2025 &#8211; \u00ab\u00a0Paysages, des passages\u00a0\u00bb\"}]},{\"@type\":\"WebSite\",\"@id\":\"https:\\\/\\\/saskiagallery.fr\\\/#website\",\"url\":\"https:\\\/\\\/saskiagallery.fr\\\/\",\"name\":\"Saskia Gallery\",\"description\":\"Galerie d&#039;artistes contemporains - Vente en ligne\",\"publisher\":{\"@id\":\"https:\\\/\\\/saskiagallery.fr\\\/#organization\"},\"potentialAction\":[{\"@type\":\"SearchAction\",\"target\":{\"@type\":\"EntryPoint\",\"urlTemplate\":\"https:\\\/\\\/saskiagallery.fr\\\/?s={search_term_string}\"},\"query-input\":{\"@type\":\"PropertyValueSpecification\",\"valueRequired\":true,\"valueName\":\"search_term_string\"}}],\"inLanguage\":\"fr-FR\"},{\"@type\":\"Organization\",\"@id\":\"https:\\\/\\\/saskiagallery.fr\\\/#organization\",\"name\":\"Saskia Gallery PARIS\",\"url\":\"https:\\\/\\\/saskiagallery.fr\\\/\",\"logo\":{\"@type\":\"ImageObject\",\"inLanguage\":\"fr-FR\",\"@id\":\"https:\\\/\\\/saskiagallery.fr\\\/#\\\/schema\\\/logo\\\/image\\\/\",\"url\":\"https:\\\/\\\/i0.wp.com\\\/saskiagallery.fr\\\/wp-content\\\/uploads\\\/2022\\\/02\\\/logo_saskiagallerygd.jpg?fit=575%2C188&ssl=1\",\"contentUrl\":\"https:\\\/\\\/i0.wp.com\\\/saskiagallery.fr\\\/wp-content\\\/uploads\\\/2022\\\/02\\\/logo_saskiagallerygd.jpg?fit=575%2C188&ssl=1\",\"width\":575,\"height\":188,\"caption\":\"Saskia Gallery PARIS\"},\"image\":{\"@id\":\"https:\\\/\\\/saskiagallery.fr\\\/#\\\/schema\\\/logo\\\/image\\\/\"}},{\"@type\":\"Person\",\"@id\":\"https:\\\/\\\/saskiagallery.fr\\\/#\\\/schema\\\/person\\\/a579a20dc36e110ff132d139f34963a0\",\"name\":\"Pascal MARETS\",\"image\":{\"@type\":\"ImageObject\",\"inLanguage\":\"fr-FR\",\"@id\":\"https:\\\/\\\/secure.gravatar.com\\\/avatar\\\/e3fbb13ef978f5b7ae9c9a70c4a973c677718f4e599b358385e47a270862c815?s=96&r=g\",\"url\":\"https:\\\/\\\/secure.gravatar.com\\\/avatar\\\/e3fbb13ef978f5b7ae9c9a70c4a973c677718f4e599b358385e47a270862c815?s=96&r=g\",\"contentUrl\":\"https:\\\/\\\/secure.gravatar.com\\\/avatar\\\/e3fbb13ef978f5b7ae9c9a70c4a973c677718f4e599b358385e47a270862c815?s=96&r=g\",\"caption\":\"Pascal MARETS\"},\"url\":\"https:\\\/\\\/saskiagallery.fr\\\/index.php\\\/author\\\/mastersaskia\\\/\"}]}<\/script>\n<!-- \/ Yoast SEO plugin. -->","yoast_head_json":{"title":"Robert CLEVIER - 2025 - \"Paysages, des passages\" - Saskia Gallery","robots":{"index":"index","follow":"follow","max-snippet":"max-snippet:-1","max-image-preview":"max-image-preview:large","max-video-preview":"max-video-preview:-1"},"canonical":"https:\/\/saskiagallery.fr\/index.php\/2025\/12\/03\/robert-clevier-2025-paysages-des-passages\/","og_locale":"fr_FR","og_type":"article","og_title":"Robert CLEVIER - 2025 - \"Paysages, des passages\" - Saskia Gallery","og_description":"Robert CLEVIER &#8211; 2025 &#8211; \u00a0\u00bb Paysages, des passages \u00ab\u00a0 Biographie Bibliographie \u00a0\u00bb Paysages, des passages \u00ab\u00a0 Invitation \u00a0\u00bb Paysages, des passages \u00a0\u00bb &#8211; Paris 2025 https:\/\/saskiagallery.fr\/wp-content\/uploads\/2025\/12\/Film-exposition-11_2025.mp4#t=1 Mots de l&rsquo;artiste Robert Cl\u00e9vier, exposition \u00ab\u00a0Paysages, des passages\u00bb, dessins et tableaux 2008-14. Entretien avec Nathalie Gruska Flornoy, d\u00e9cembre 2024 PAYSAGE, DES PASSAGES NGF &#8211; Les titres de&hellip;&nbsp;Lire la suite &raquo;Robert CLEVIER &#8211; 2025 &#8211; \u00ab\u00a0Paysages, des passages\u00a0\u00bb","og_url":"https:\/\/saskiagallery.fr\/index.php\/2025\/12\/03\/robert-clevier-2025-paysages-des-passages\/","og_site_name":"Saskia Gallery","article_published_time":"2025-12-03T09:30:43+00:00","article_modified_time":"2025-12-12T14:40:01+00:00","og_image":[{"width":1024,"height":709,"url":"https:\/\/saskiagallery.fr\/wp-content\/uploads\/2025\/10\/expo-11-2025-1024x709.png","type":"image\/png"}],"author":"Pascal MARETS","twitter_card":"summary_large_image","twitter_misc":{"\u00c9crit par":"Pascal MARETS","Dur\u00e9e de lecture estim\u00e9e":"4 minutes"},"schema":{"@context":"https:\/\/schema.org","@graph":[{"@type":"Article","@id":"https:\/\/saskiagallery.fr\/index.php\/2025\/12\/03\/robert-clevier-2025-paysages-des-passages\/#article","isPartOf":{"@id":"https:\/\/saskiagallery.fr\/index.php\/2025\/12\/03\/robert-clevier-2025-paysages-des-passages\/"},"author":{"name":"Pascal MARETS","@id":"https:\/\/saskiagallery.fr\/#\/schema\/person\/a579a20dc36e110ff132d139f34963a0"},"headline":"Robert CLEVIER &#8211; 2025 &#8211; \u00ab\u00a0Paysages, des passages\u00a0\u00bb","datePublished":"2025-12-03T09:30:43+00:00","dateModified":"2025-12-12T14:40:01+00:00","mainEntityOfPage":{"@id":"https:\/\/saskiagallery.fr\/index.php\/2025\/12\/03\/robert-clevier-2025-paysages-des-passages\/"},"wordCount":668,"publisher":{"@id":"https:\/\/saskiagallery.fr\/#organization"},"image":{"@id":"https:\/\/saskiagallery.fr\/index.php\/2025\/12\/03\/robert-clevier-2025-paysages-des-passages\/#primaryimage"},"thumbnailUrl":"https:\/\/saskiagallery.fr\/wp-content\/uploads\/2025\/10\/expo-11-2025.png","articleSection":["Expositions"],"inLanguage":"fr-FR"},{"@type":"WebPage","@id":"https:\/\/saskiagallery.fr\/index.php\/2025\/12\/03\/robert-clevier-2025-paysages-des-passages\/","url":"https:\/\/saskiagallery.fr\/index.php\/2025\/12\/03\/robert-clevier-2025-paysages-des-passages\/","name":"Robert CLEVIER - 2025 - \"Paysages, des passages\" - Saskia Gallery","isPartOf":{"@id":"https:\/\/saskiagallery.fr\/#website"},"primaryImageOfPage":{"@id":"https:\/\/saskiagallery.fr\/index.php\/2025\/12\/03\/robert-clevier-2025-paysages-des-passages\/#primaryimage"},"image":{"@id":"https:\/\/saskiagallery.fr\/index.php\/2025\/12\/03\/robert-clevier-2025-paysages-des-passages\/#primaryimage"},"thumbnailUrl":"https:\/\/saskiagallery.fr\/wp-content\/uploads\/2025\/10\/expo-11-2025.png","datePublished":"2025-12-03T09:30:43+00:00","dateModified":"2025-12-12T14:40:01+00:00","breadcrumb":{"@id":"https:\/\/saskiagallery.fr\/index.php\/2025\/12\/03\/robert-clevier-2025-paysages-des-passages\/#breadcrumb"},"inLanguage":"fr-FR","potentialAction":[{"@type":"ReadAction","target":["https:\/\/saskiagallery.fr\/index.php\/2025\/12\/03\/robert-clevier-2025-paysages-des-passages\/"]}]},{"@type":"ImageObject","inLanguage":"fr-FR","@id":"https:\/\/saskiagallery.fr\/index.php\/2025\/12\/03\/robert-clevier-2025-paysages-des-passages\/#primaryimage","url":"https:\/\/saskiagallery.fr\/wp-content\/uploads\/2025\/10\/expo-11-2025.png","contentUrl":"https:\/\/saskiagallery.fr\/wp-content\/uploads\/2025\/10\/expo-11-2025.png","width":2028,"height":1404},{"@type":"BreadcrumbList","@id":"https:\/\/saskiagallery.fr\/index.php\/2025\/12\/03\/robert-clevier-2025-paysages-des-passages\/#breadcrumb","itemListElement":[{"@type":"ListItem","position":1,"name":"Accueil","item":"https:\/\/saskiagallery.fr\/"},{"@type":"ListItem","position":2,"name":"Robert CLEVIER &#8211; 2025 &#8211; \u00ab\u00a0Paysages, des passages\u00a0\u00bb"}]},{"@type":"WebSite","@id":"https:\/\/saskiagallery.fr\/#website","url":"https:\/\/saskiagallery.fr\/","name":"Saskia Gallery","description":"Galerie d&#039;artistes contemporains - Vente en ligne","publisher":{"@id":"https:\/\/saskiagallery.fr\/#organization"},"potentialAction":[{"@type":"SearchAction","target":{"@type":"EntryPoint","urlTemplate":"https:\/\/saskiagallery.fr\/?s={search_term_string}"},"query-input":{"@type":"PropertyValueSpecification","valueRequired":true,"valueName":"search_term_string"}}],"inLanguage":"fr-FR"},{"@type":"Organization","@id":"https:\/\/saskiagallery.fr\/#organization","name":"Saskia Gallery PARIS","url":"https:\/\/saskiagallery.fr\/","logo":{"@type":"ImageObject","inLanguage":"fr-FR","@id":"https:\/\/saskiagallery.fr\/#\/schema\/logo\/image\/","url":"https:\/\/i0.wp.com\/saskiagallery.fr\/wp-content\/uploads\/2022\/02\/logo_saskiagallerygd.jpg?fit=575%2C188&ssl=1","contentUrl":"https:\/\/i0.wp.com\/saskiagallery.fr\/wp-content\/uploads\/2022\/02\/logo_saskiagallerygd.jpg?fit=575%2C188&ssl=1","width":575,"height":188,"caption":"Saskia Gallery PARIS"},"image":{"@id":"https:\/\/saskiagallery.fr\/#\/schema\/logo\/image\/"}},{"@type":"Person","@id":"https:\/\/saskiagallery.fr\/#\/schema\/person\/a579a20dc36e110ff132d139f34963a0","name":"Pascal MARETS","image":{"@type":"ImageObject","inLanguage":"fr-FR","@id":"https:\/\/secure.gravatar.com\/avatar\/e3fbb13ef978f5b7ae9c9a70c4a973c677718f4e599b358385e47a270862c815?s=96&r=g","url":"https:\/\/secure.gravatar.com\/avatar\/e3fbb13ef978f5b7ae9c9a70c4a973c677718f4e599b358385e47a270862c815?s=96&r=g","contentUrl":"https:\/\/secure.gravatar.com\/avatar\/e3fbb13ef978f5b7ae9c9a70c4a973c677718f4e599b358385e47a270862c815?s=96&r=g","caption":"Pascal MARETS"},"url":"https:\/\/saskiagallery.fr\/index.php\/author\/mastersaskia\/"}]}},"jetpack_featured_media_url":"https:\/\/saskiagallery.fr\/wp-content\/uploads\/2025\/10\/expo-11-2025.png","jetpack_sharing_enabled":true,"_links":{"self":[{"href":"https:\/\/saskiagallery.fr\/index.php\/wp-json\/wp\/v2\/posts\/8144","targetHints":{"allow":["GET"]}}],"collection":[{"href":"https:\/\/saskiagallery.fr\/index.php\/wp-json\/wp\/v2\/posts"}],"about":[{"href":"https:\/\/saskiagallery.fr\/index.php\/wp-json\/wp\/v2\/types\/post"}],"author":[{"embeddable":true,"href":"https:\/\/saskiagallery.fr\/index.php\/wp-json\/wp\/v2\/users\/2"}],"replies":[{"embeddable":true,"href":"https:\/\/saskiagallery.fr\/index.php\/wp-json\/wp\/v2\/comments?post=8144"}],"version-history":[{"count":15,"href":"https:\/\/saskiagallery.fr\/index.php\/wp-json\/wp\/v2\/posts\/8144\/revisions"}],"predecessor-version":[{"id":8182,"href":"https:\/\/saskiagallery.fr\/index.php\/wp-json\/wp\/v2\/posts\/8144\/revisions\/8182"}],"wp:featuredmedia":[{"embeddable":true,"href":"https:\/\/saskiagallery.fr\/index.php\/wp-json\/wp\/v2\/media\/8110"}],"wp:attachment":[{"href":"https:\/\/saskiagallery.fr\/index.php\/wp-json\/wp\/v2\/media?parent=8144"}],"wp:term":[{"taxonomy":"category","embeddable":true,"href":"https:\/\/saskiagallery.fr\/index.php\/wp-json\/wp\/v2\/categories?post=8144"},{"taxonomy":"post_tag","embeddable":true,"href":"https:\/\/saskiagallery.fr\/index.php\/wp-json\/wp\/v2\/tags?post=8144"}],"curies":[{"name":"wp","href":"https:\/\/api.w.org\/{rel}","templated":true}]}}